{"id":357,"date":"2020-04-29T14:44:44","date_gmt":"2020-04-29T12:44:44","guid":{"rendered":"http:\/\/blogcapm.igualdadebenestar.org\/?p=357"},"modified":"2020-05-05T23:15:19","modified_gmt":"2020-05-05T21:15:19","slug":"as-mensaxes-no-centro-de-ortigueira-medran-con-forma-de-arbore","status":"publish","type":"post","link":"https:\/\/ocentrodedianacasa.igualdadebenestar.org\/?p=357","title":{"rendered":"As mensaxes no centro de Ortigueira, medran con forma de \u00e1rbore&#8230;"},"content":{"rendered":"\n<p class=\"has-text-color has-medium-font-size has-vivid-cyan-blue-color\"><strong>As mensaxes no centro de Ortigueira, medran con forma de \u00e1rbore\u2026<\/strong><\/p>\n\n\n\n<p>Desde comezos do confinamento no CAPM de Ortigueira recibimos unha morea de mensaxes de apoio, animando tanto \u00e1s persoas maiores como a todo o persoal que traballamos no centro chegando de maneira virtual a trav\u00e9s do noso blogue Coamarea, por correos electr\u00f3nicos ou por whatsapp. Aproveitamos que temos un taboleiro de cortiza no comedor, zona que visitamos varias veces ao d\u00eda, para colocar a nosa \u201c\u00e1rbore da vida\u201d no centro e ir enchendo de follas de cores, seg\u00fan \u00edan chegando as mensaxes de \u00e1nimo e reco\u00f1ecemento polo traballo realizado. <\/p>\n\n\n\n<p><img loading=\"lazy\" width=\"734\" height=\"367\" class=\"wp-image-358\" style=\"width: 600px;\" src=\"http:\/\/blogcapm.igualdadebenestar.org\/wp-content\/uploads\/2020\/04\/KLO.png\" alt=\"\" srcset=\"https:\/\/ocentrodedianacasa.igualdadebenestar.org\/wp-content\/uploads\/2020\/04\/KLO.png 734w, https:\/\/ocentrodedianacasa.igualdadebenestar.org\/wp-content\/uploads\/2020\/04\/KLO-300x150.png 300w, https:\/\/ocentrodedianacasa.igualdadebenestar.org\/wp-content\/uploads\/2020\/04\/KLO-624x312.png 624w, https:\/\/ocentrodedianacasa.igualdadebenestar.org\/wp-content\/uploads\/2020\/04\/KLO-24x12.png 24w, https:\/\/ocentrodedianacasa.igualdadebenestar.org\/wp-content\/uploads\/2020\/04\/KLO-36x18.png 36w, https:\/\/ocentrodedianacasa.igualdadebenestar.org\/wp-content\/uploads\/2020\/04\/KLO-48x24.png 48w\" sizes=\"(max-width: 734px) 100vw, 734px\" \/><\/p>\n\n\n\n<p>Son circunstancias especiais nas que se agradece o \u00e1nimo recibido e o reco\u00f1ecemento a t\u00f3dolos equipos de persoal que traballamos nos centros de maiores.<\/p>\n ","protected":false},"excerpt":{"rendered":"<p>As mensaxes no centro de Ortigueira, medran con forma de \u00e1rbore\u2026 Desde comezos do confinamento no CAPM de Ortigueira recibimos unha morea de mensaxes de apoio, animando tanto \u00e1s persoas <a class=\"more-link\" href=\"https:\/\/ocentrodedianacasa.igualdadebenestar.org\/?p=357\">Continue Reading &rarr;<\/a><\/p>\n","protected":false},"author":3,"featured_media":0,"comment_status":"open","ping_status":"open","sticky":false,"template":"","format":"aside","meta":[],"categories":[18],"tags":[],"post_mailing_queue_ids":[],"_links":{"self":[{"href":"https:\/\/ocentrodedianacasa.igualdadebenestar.org\/index.php?rest_route=\/wp\/v2\/posts\/357"}],"collection":[{"href":"https:\/\/ocentrodedianacasa.igualdadebenestar.org\/index.php?rest_route=\/wp\/v2\/posts"}],"about":[{"href":"https:\/\/ocentrodedianacasa.igualdadebenestar.org\/index.php?rest_route=\/wp\/v2\/types\/post"}],"author":[{"embeddable":true,"href":"https:\/\/ocentrodedianacasa.igualdadebenestar.org\/index.php?rest_route=\/wp\/v2\/users\/3"}],"replies":[{"embeddable":true,"href":"https:\/\/ocentrodedianacasa.igualdadebenestar.org\/index.php?rest_route=%2Fwp%2Fv2%2Fcomments&post=357"}],"version-history":[{"count":2,"href":"https:\/\/ocentrodedianacasa.igualdadebenestar.org\/index.php?rest_route=\/wp\/v2\/posts\/357\/revisions"}],"predecessor-version":[{"id":647,"href":"https:\/\/ocentrodedianacasa.igualdadebenestar.org\/index.php?rest_route=\/wp\/v2\/posts\/357\/revisions\/647"}],"wp:attachment":[{"href":"https:\/\/ocentrodedianacasa.igualdadebenestar.org\/index.php?rest_route=%2Fwp%2Fv2%2Fmedia&parent=357"}],"wp:term":[{"taxonomy":"category","embeddable":true,"href":"https:\/\/ocentrodedianacasa.igualdadebenestar.org\/index.php?rest_route=%2Fwp%2Fv2%2Fcategories&post=357"},{"taxonomy":"post_tag","embeddable":true,"href":"https:\/\/ocentrodedianacasa.igualdadebenestar.org\/index.php?rest_route=%2Fwp%2Fv2%2Ftags&post=357"}],"curies":[{"name":"wp","href":"https:\/\/api.w.org\/{rel}","templated":true}]}}