{"id":3541,"date":"2022-07-22T12:51:14","date_gmt":"2022-07-22T10:51:14","guid":{"rendered":"https:\/\/ocentrodedianacasa.igualdadebenestar.org\/?p=3541"},"modified":"2022-07-22T12:54:50","modified_gmt":"2022-07-22T10:54:50","slug":"usuarios-do-capm-de-arteixo-visitan-a-catedral-de-santiago","status":"publish","type":"post","link":"https:\/\/ocentrodedianacasa.igualdadebenestar.org\/?p=3541","title":{"rendered":"Usuarios do CAPM de Arteixo visitan a Catedral de Santiago"},"content":{"rendered":"\n<p>Este ano no Centro Residencial e Centro de D\u00eda de Arteixo decidimos celebrar as festas do Ap\u00f3stolo e o ano Xacobeo cunha sa\u00edda a catedral de Santiago de Compostela e a s\u00faa contorna. Foi toda unha experiencia: cami\u00f1amos, rimos e contamos moitos contos. Hab\u00eda anos que alg\u00fans non pasabamos por al\u00ed. Despois de visitar a zona vella de Santiago e de escoitar m\u00fasicos da tradici\u00f3n galega, decidimos ir xantar o noso <em>picnic <\/em>a Casa da Cultura.<\/p>\n\n\n\n<p>Ademais de visitar Santiago, xa fixemos unha simulaci\u00f3n do cami\u00f1o no<br>noso xard\u00edn e a pr\u00f3xima semana iremos a sesi\u00f3n vermouth e prepararemos unhas tartas de Santiago xa que tam\u00e9n se celebran as festas do noso pobo, Arteixo, nestas datas.<\/p>\n\n\n\n<p>Esta actividade foi a guinda do pastel a unha semana chea de cultura e folclore. Estamos seguros de que o repetiremos, porque foi unha gran experiencia!<\/p>\n\n\n\n<div class=\"wp-block-image\"><figure class=\"alignleft size-large is-resized\"><img loading=\"lazy\" src=\"https:\/\/ocentrodedianacasa.igualdadebenestar.org\/wp-content\/uploads\/2022\/07\/20220721_122855-768x1024.jpg\" alt=\"\" class=\"wp-image-3542\" width=\"294\" height=\"392\" srcset=\"https:\/\/ocentrodedianacasa.igualdadebenestar.org\/wp-content\/uploads\/2022\/07\/20220721_122855-768x1024.jpg 768w, https:\/\/ocentrodedianacasa.igualdadebenestar.org\/wp-content\/uploads\/2022\/07\/20220721_122855-225x300.jpg 225w, https:\/\/ocentrodedianacasa.igualdadebenestar.org\/wp-content\/uploads\/2022\/07\/20220721_122855-1152x1536.jpg 1152w, https:\/\/ocentrodedianacasa.igualdadebenestar.org\/wp-content\/uploads\/2022\/07\/20220721_122855-1536x2048.jpg 1536w, https:\/\/ocentrodedianacasa.igualdadebenestar.org\/wp-content\/uploads\/2022\/07\/20220721_122855-scaled.jpg 1920w\" sizes=\"(max-width: 294px) 100vw, 294px\" \/><\/figure><\/div>\n\n\n\n<p><br><\/p>\n\n\n\n<figure class=\"wp-block-image size-large is-resized\"><img loading=\"lazy\" src=\"https:\/\/ocentrodedianacasa.igualdadebenestar.org\/wp-content\/uploads\/2022\/07\/20220721_124415-768x1024.jpg\" alt=\"\" class=\"wp-image-3543\" width=\"365\" height=\"486\" srcset=\"https:\/\/ocentrodedianacasa.igualdadebenestar.org\/wp-content\/uploads\/2022\/07\/20220721_124415-768x1024.jpg 768w, https:\/\/ocentrodedianacasa.igualdadebenestar.org\/wp-content\/uploads\/2022\/07\/20220721_124415-225x300.jpg 225w, https:\/\/ocentrodedianacasa.igualdadebenestar.org\/wp-content\/uploads\/2022\/07\/20220721_124415-1152x1536.jpg 1152w, https:\/\/ocentrodedianacasa.igualdadebenestar.org\/wp-content\/uploads\/2022\/07\/20220721_124415-1536x2048.jpg 1536w, https:\/\/ocentrodedianacasa.igualdadebenestar.org\/wp-content\/uploads\/2022\/07\/20220721_124415-scaled.jpg 1920w\" sizes=\"(max-width: 365px) 100vw, 365px\" \/><\/figure>\n\n\n\n<div class=\"wp-block-image\"><figure class=\"alignleft size-large is-resized\"><img loading=\"lazy\" src=\"https:\/\/ocentrodedianacasa.igualdadebenestar.org\/wp-content\/uploads\/2022\/07\/20220721_143618-768x1024.jpg\" alt=\"\" class=\"wp-image-3544\" width=\"324\" height=\"432\" srcset=\"https:\/\/ocentrodedianacasa.igualdadebenestar.org\/wp-content\/uploads\/2022\/07\/20220721_143618-768x1024.jpg 768w, https:\/\/ocentrodedianacasa.igualdadebenestar.org\/wp-content\/uploads\/2022\/07\/20220721_143618-225x300.jpg 225w, https:\/\/ocentrodedianacasa.igualdadebenestar.org\/wp-content\/uploads\/2022\/07\/20220721_143618-1152x1536.jpg 1152w, https:\/\/ocentrodedianacasa.igualdadebenestar.org\/wp-content\/uploads\/2022\/07\/20220721_143618-1536x2048.jpg 1536w, https:\/\/ocentrodedianacasa.igualdadebenestar.org\/wp-content\/uploads\/2022\/07\/20220721_143618-scaled.jpg 1920w\" sizes=\"(max-width: 324px) 100vw, 324px\" \/><\/figure><\/div>\n\n\n\n<p><br><\/p>\n ","protected":false},"excerpt":{"rendered":"<p>Este ano no Centro Residencial e Centro de D\u00eda de Arteixo decidimos celebrar as festas do Ap\u00f3stolo e o ano Xacobeo cunha sa\u00edda a catedral de Santiago de Compostela e <a class=\"more-link\" href=\"https:\/\/ocentrodedianacasa.igualdadebenestar.org\/?p=3541\">Continue Reading &rarr;<\/a><\/p>\n","protected":false},"author":5,"featured_media":0,"comment_status":"open","ping_status":"open","sticky":false,"template":"","format":"standard","meta":[],"categories":[135,66],"tags":[],"post_mailing_queue_ids":[],"_links":{"self":[{"href":"https:\/\/ocentrodedianacasa.igualdadebenestar.org\/index.php?rest_route=\/wp\/v2\/posts\/3541"}],"collection":[{"href":"https:\/\/ocentrodedianacasa.igualdadebenestar.org\/index.php?rest_route=\/wp\/v2\/posts"}],"about":[{"href":"https:\/\/ocentrodedianacasa.igualdadebenestar.org\/index.php?rest_route=\/wp\/v2\/types\/post"}],"author":[{"embeddable":true,"href":"https:\/\/ocentrodedianacasa.igualdadebenestar.org\/index.php?rest_route=\/wp\/v2\/users\/5"}],"replies":[{"embeddable":true,"href":"https:\/\/ocentrodedianacasa.igualdadebenestar.org\/index.php?rest_route=%2Fwp%2Fv2%2Fcomments&post=3541"}],"version-history":[{"count":3,"href":"https:\/\/ocentrodedianacasa.igualdadebenestar.org\/index.php?rest_route=\/wp\/v2\/posts\/3541\/revisions"}],"predecessor-version":[{"id":3547,"href":"https:\/\/ocentrodedianacasa.igualdadebenestar.org\/index.php?rest_route=\/wp\/v2\/posts\/3541\/revisions\/3547"}],"wp:attachment":[{"href":"https:\/\/ocentrodedianacasa.igualdadebenestar.org\/index.php?rest_route=%2Fwp%2Fv2%2Fmedia&parent=3541"}],"wp:term":[{"taxonomy":"category","embeddable":true,"href":"https:\/\/ocentrodedianacasa.igualdadebenestar.org\/index.php?rest_route=%2Fwp%2Fv2%2Fcategories&post=3541"},{"taxonomy":"post_tag","embeddable":true,"href":"https:\/\/ocentrodedianacasa.igualdadebenestar.org\/index.php?rest_route=%2Fwp%2Fv2%2Ftags&post=3541"}],"curies":[{"name":"wp","href":"https:\/\/api.w.org\/{rel}","templated":true}]}}