{"id":3490,"date":"2022-06-29T08:41:32","date_gmt":"2022-06-29T06:41:32","guid":{"rendered":"https:\/\/ocentrodedianacasa.igualdadebenestar.org\/?p=3490"},"modified":"2022-06-29T08:41:34","modified_gmt":"2022-06-29T06:41:34","slug":"dia-nacional-das-linguas-de-signos-dende-o-centro-de-baiona","status":"publish","type":"post","link":"https:\/\/ocentrodedianacasa.igualdadebenestar.org\/?p=3490","title":{"rendered":"D\u00eda nacional das linguas de signos dende o centro de Baiona"},"content":{"rendered":"\n<p class=\"has-text-align-center has-large-font-size\"><strong>D\u00eda nacional das linguas de signos dende o centro de Baiona<\/strong><\/p>\n\n\n\n<p>Os d\u00edas 7 e 27 de xu\u00f1o o Centro de D\u00eda de Baiona desfrutou dunha masterclass de lingua de signos con motivo do d\u00eda nacional das linguas de signos espa\u00f1olas (14 de xu\u00f1o). A actividade foi desenvolta por Miriam Aller, traballadora do servizo de interpretaci\u00f3n e formaci\u00f3n Entresignos do Concello de Nigr\u00e1n, que a maiores de ensinarnos c\u00f3digos b\u00e1sicos para poder comunicarnos cunha persoa con sordeira, trouxo tam\u00e9n as mochilas vibratorias coas que conta o Concello para que as persoas con problemas auditivos poidan \u201csentir\u201d os concertos musicais.<\/p>\n\n\n\n<figure class=\"wp-block-image size-large is-resized\"><img loading=\"lazy\" src=\"https:\/\/ocentrodedianacasa.igualdadebenestar.org\/wp-content\/uploads\/2022\/06\/Captura-de-pantalla_2022-06-29_08-35-33.png\" alt=\"\" class=\"wp-image-3491\" width=\"486\" height=\"239\" srcset=\"https:\/\/ocentrodedianacasa.igualdadebenestar.org\/wp-content\/uploads\/2022\/06\/Captura-de-pantalla_2022-06-29_08-35-33.png 1017w, https:\/\/ocentrodedianacasa.igualdadebenestar.org\/wp-content\/uploads\/2022\/06\/Captura-de-pantalla_2022-06-29_08-35-33-300x147.png 300w, https:\/\/ocentrodedianacasa.igualdadebenestar.org\/wp-content\/uploads\/2022\/06\/Captura-de-pantalla_2022-06-29_08-35-33-768x378.png 768w\" sizes=\"(max-width: 486px) 100vw, 486px\" \/><\/figure>\n\n\n\n<p>A trav\u00e9s desta actividade traballamos a expresi\u00f3n, a configuraci\u00f3n xesto \u2013 espacial e a percepci\u00f3n visual, rematando cunha estimulaci\u00f3n sensorial a trav\u00e9s do uso das mochilas vibratorias. Con todo isto, foi unha actividade que tam\u00e9n nos permitiu co\u00f1ecer os recursos cos que contamos na nosa contorna. Os maiores con problemas auditivos m\u00e1is graves desfrutaron moito de volver \u201csentir\u201d de novo a m\u00fasica.<\/p>\n\n\n\n<figure class=\"wp-block-embed-youtube wp-block-embed is-type-video is-provider-youtube wp-embed-aspect-16-9 wp-has-aspect-ratio\"><div class=\"wp-block-embed__wrapper\">\n<iframe title=\"Macaco - Lenguas de Signos ft. Monsieur Perin\u00e9\" width=\"678\" height=\"381\" src=\"https:\/\/www.youtube.com\/embed\/DFbReaYvvc4?feature=oembed\" frameborder=\"0\" allow=\"accelerometer; autoplay; clipboard-write; encrypted-media; gyroscope; picture-in-picture\" allowfullscreen><\/iframe>\n<\/div><\/figure>\n ","protected":false},"excerpt":{"rendered":"<p>D\u00eda nacional das linguas de signos dende o centro de Baiona Os d\u00edas 7 e 27 de xu\u00f1o o Centro de D\u00eda de Baiona desfrutou dunha masterclass de lingua de <a class=\"more-link\" href=\"https:\/\/ocentrodedianacasa.igualdadebenestar.org\/?p=3490\">Continue Reading &rarr;<\/a><\/p>\n","protected":false},"author":3,"featured_media":0,"comment_status":"open","ping_status":"open","sticky":false,"template":"","format":"aside","meta":[],"categories":[44],"tags":[],"post_mailing_queue_ids":[],"_links":{"self":[{"href":"https:\/\/ocentrodedianacasa.igualdadebenestar.org\/index.php?rest_route=\/wp\/v2\/posts\/3490"}],"collection":[{"href":"https:\/\/ocentrodedianacasa.igualdadebenestar.org\/index.php?rest_route=\/wp\/v2\/posts"}],"about":[{"href":"https:\/\/ocentrodedianacasa.igualdadebenestar.org\/index.php?rest_route=\/wp\/v2\/types\/post"}],"author":[{"embeddable":true,"href":"https:\/\/ocentrodedianacasa.igualdadebenestar.org\/index.php?rest_route=\/wp\/v2\/users\/3"}],"replies":[{"embeddable":true,"href":"https:\/\/ocentrodedianacasa.igualdadebenestar.org\/index.php?rest_route=%2Fwp%2Fv2%2Fcomments&post=3490"}],"version-history":[{"count":1,"href":"https:\/\/ocentrodedianacasa.igualdadebenestar.org\/index.php?rest_route=\/wp\/v2\/posts\/3490\/revisions"}],"predecessor-version":[{"id":3492,"href":"https:\/\/ocentrodedianacasa.igualdadebenestar.org\/index.php?rest_route=\/wp\/v2\/posts\/3490\/revisions\/3492"}],"wp:attachment":[{"href":"https:\/\/ocentrodedianacasa.igualdadebenestar.org\/index.php?rest_route=%2Fwp%2Fv2%2Fmedia&parent=3490"}],"wp:term":[{"taxonomy":"category","embeddable":true,"href":"https:\/\/ocentrodedianacasa.igualdadebenestar.org\/index.php?rest_route=%2Fwp%2Fv2%2Fcategories&post=3490"},{"taxonomy":"post_tag","embeddable":true,"href":"https:\/\/ocentrodedianacasa.igualdadebenestar.org\/index.php?rest_route=%2Fwp%2Fv2%2Ftags&post=3490"}],"curies":[{"name":"wp","href":"https:\/\/api.w.org\/{rel}","templated":true}]}}