{"id":3432,"date":"2022-06-23T09:24:03","date_gmt":"2022-06-23T07:24:03","guid":{"rendered":"https:\/\/ocentrodedianacasa.igualdadebenestar.org\/?p=3432"},"modified":"2022-06-23T09:59:55","modified_gmt":"2022-06-23T07:59:55","slug":"tapeando-dende-o-centro-de-dia-de-panton","status":"publish","type":"post","link":"https:\/\/ocentrodedianacasa.igualdadebenestar.org\/?p=3432","title":{"rendered":"Tapeando dende o centro de d\u00eda de Pant\u00f3n"},"content":{"rendered":"\n<p class=\"has-text-align-center has-large-font-size\"><strong>Tapeando dende o centro de d\u00eda de Pant\u00f3n<\/strong><\/p>\n\n\n\n<p>O pasado d\u00eda 15 parte das persoas usuarias do centro e das traballadoras fomos \u00e1 feira de Ferreira para comer o polbo nunha das carpas.<\/p>\n\n\n\n<p>As feiras representan para as persoas usuarias o lugar de encontro con veci\u00f1os da comarca cos que non se ven acot\u00edo.<\/p>\n\n\n\n<p>Ademais de facer algunhas mercas puidemos degustar este produto tan t\u00edpico galego e que tan bo est\u00e1.<\/p>\n\n\n\n<div class=\"wp-block-group\"><div class=\"wp-block-group__inner-container\">\n<figure class=\"wp-block-gallery columns-2 is-cropped\"><ul class=\"blocks-gallery-grid\"><li class=\"blocks-gallery-item\"><figure><img loading=\"lazy\" width=\"1024\" height=\"1024\" src=\"https:\/\/ocentrodedianacasa.igualdadebenestar.org\/wp-content\/uploads\/2022\/06\/1_pulpo_15062022-1024x1024.jpg\" alt=\"\" data-id=\"3434\" data-full-url=\"https:\/\/ocentrodedianacasa.igualdadebenestar.org\/wp-content\/uploads\/2022\/06\/1_pulpo_15062022.jpg\" data-link=\"https:\/\/ocentrodedianacasa.igualdadebenestar.org\/?attachment_id=3434\" class=\"wp-image-3434\" srcset=\"https:\/\/ocentrodedianacasa.igualdadebenestar.org\/wp-content\/uploads\/2022\/06\/1_pulpo_15062022-1024x1024.jpg 1024w, https:\/\/ocentrodedianacasa.igualdadebenestar.org\/wp-content\/uploads\/2022\/06\/1_pulpo_15062022-300x300.jpg 300w, https:\/\/ocentrodedianacasa.igualdadebenestar.org\/wp-content\/uploads\/2022\/06\/1_pulpo_15062022-150x150.jpg 150w, https:\/\/ocentrodedianacasa.igualdadebenestar.org\/wp-content\/uploads\/2022\/06\/1_pulpo_15062022-768x768.jpg 768w, https:\/\/ocentrodedianacasa.igualdadebenestar.org\/wp-content\/uploads\/2022\/06\/1_pulpo_15062022.jpg 1500w\" sizes=\"(max-width: 1024px) 100vw, 1024px\" \/><\/figure><\/li><li class=\"blocks-gallery-item\"><figure><img loading=\"lazy\" width=\"1024\" height=\"1024\" src=\"https:\/\/ocentrodedianacasa.igualdadebenestar.org\/wp-content\/uploads\/2022\/06\/2_pulpo_15062022-1024x1024.jpg\" alt=\"\" data-id=\"3433\" data-full-url=\"https:\/\/ocentrodedianacasa.igualdadebenestar.org\/wp-content\/uploads\/2022\/06\/2_pulpo_15062022.jpg\" data-link=\"https:\/\/ocentrodedianacasa.igualdadebenestar.org\/?attachment_id=3433\" class=\"wp-image-3433\" srcset=\"https:\/\/ocentrodedianacasa.igualdadebenestar.org\/wp-content\/uploads\/2022\/06\/2_pulpo_15062022-1024x1024.jpg 1024w, https:\/\/ocentrodedianacasa.igualdadebenestar.org\/wp-content\/uploads\/2022\/06\/2_pulpo_15062022-300x300.jpg 300w, https:\/\/ocentrodedianacasa.igualdadebenestar.org\/wp-content\/uploads\/2022\/06\/2_pulpo_15062022-150x150.jpg 150w, https:\/\/ocentrodedianacasa.igualdadebenestar.org\/wp-content\/uploads\/2022\/06\/2_pulpo_15062022-768x768.jpg 768w, https:\/\/ocentrodedianacasa.igualdadebenestar.org\/wp-content\/uploads\/2022\/06\/2_pulpo_15062022.jpg 1500w\" sizes=\"(max-width: 1024px) 100vw, 1024px\" \/><\/figure><\/li><\/ul><\/figure>\n<\/div><\/div>\n ","protected":false},"excerpt":{"rendered":"<p>Tapeando dende o centro de d\u00eda de Pant\u00f3n O pasado d\u00eda 15 parte das persoas usuarias do centro e das traballadoras fomos \u00e1 feira de Ferreira para comer o polbo <a class=\"more-link\" href=\"https:\/\/ocentrodedianacasa.igualdadebenestar.org\/?p=3432\">Continue Reading &rarr;<\/a><\/p>\n","protected":false},"author":3,"featured_media":0,"comment_status":"open","ping_status":"open","sticky":false,"template":"","format":"aside","meta":[],"categories":[17],"tags":[],"post_mailing_queue_ids":[],"_links":{"self":[{"href":"https:\/\/ocentrodedianacasa.igualdadebenestar.org\/index.php?rest_route=\/wp\/v2\/posts\/3432"}],"collection":[{"href":"https:\/\/ocentrodedianacasa.igualdadebenestar.org\/index.php?rest_route=\/wp\/v2\/posts"}],"about":[{"href":"https:\/\/ocentrodedianacasa.igualdadebenestar.org\/index.php?rest_route=\/wp\/v2\/types\/post"}],"author":[{"embeddable":true,"href":"https:\/\/ocentrodedianacasa.igualdadebenestar.org\/index.php?rest_route=\/wp\/v2\/users\/3"}],"replies":[{"embeddable":true,"href":"https:\/\/ocentrodedianacasa.igualdadebenestar.org\/index.php?rest_route=%2Fwp%2Fv2%2Fcomments&post=3432"}],"version-history":[{"count":2,"href":"https:\/\/ocentrodedianacasa.igualdadebenestar.org\/index.php?rest_route=\/wp\/v2\/posts\/3432\/revisions"}],"predecessor-version":[{"id":3440,"href":"https:\/\/ocentrodedianacasa.igualdadebenestar.org\/index.php?rest_route=\/wp\/v2\/posts\/3432\/revisions\/3440"}],"wp:attachment":[{"href":"https:\/\/ocentrodedianacasa.igualdadebenestar.org\/index.php?rest_route=%2Fwp%2Fv2%2Fmedia&parent=3432"}],"wp:term":[{"taxonomy":"category","embeddable":true,"href":"https:\/\/ocentrodedianacasa.igualdadebenestar.org\/index.php?rest_route=%2Fwp%2Fv2%2Fcategories&post=3432"},{"taxonomy":"post_tag","embeddable":true,"href":"https:\/\/ocentrodedianacasa.igualdadebenestar.org\/index.php?rest_route=%2Fwp%2Fv2%2Ftags&post=3432"}],"curies":[{"name":"wp","href":"https:\/\/api.w.org\/{rel}","templated":true}]}}