{"id":3379,"date":"2022-06-17T09:56:00","date_gmt":"2022-06-17T07:56:00","guid":{"rendered":"https:\/\/ocentrodedianacasa.igualdadebenestar.org\/?p=3379"},"modified":"2022-06-29T08:27:57","modified_gmt":"2022-06-29T06:27:57","slug":"3379","status":"publish","type":"post","link":"https:\/\/ocentrodedianacasa.igualdadebenestar.org\/?p=3379","title":{"rendered":"D\u00eda internacional da toma de conciencia do abuso e maltrato na vellez, 15 de xu\u00f1o"},"content":{"rendered":"\n<p class=\"has-text-align-center has-large-font-size\"><strong>D\u00eda internacional da toma de conciencia do abuso e maltrato na vellez, 15 de xu\u00f1o<\/strong><\/p>\n\n\n\n<p>O d\u00eda 15 foi o d\u00eda internacional da toma de conciencia en contra do abuso e maltrato que a\u00ednda a d\u00eda de hoxe sofren os maiores. Por iso que os centros do Consorcio conmemoraron ese d\u00eda con entusiasmos, forza e esperanza. Aqu\u00ed unha pequena gran mostra dalgunhas das acci\u00f3ns realizadas, agardamos que vos gusten.<\/p>\n\n\n\n<p><span style=\"color: #000080;\"><strong>Dende\u00a0 ABAD\u00cdN<br \/><\/strong><\/span><\/p>\n\n\n\n<p>Con motivo do d\u00eda internacional da concienciaci\u00f3n do abuso e maltrato na vellez no centro de d\u00eda de Abad\u00edn realizouse un obradoiro reivindicando o papel das persoas maiores na sociedade. O obxectivo do mesmo era sensibilizar e reflexionar sobre o trato e como se dirixe a sociedade en xeral \u00e1s persoas maiores. Aproveitamos que o d\u00eda anterior visit\u00e1ronnos as alumnas do IES Lois Pe\u00f1a Novo de Vilalba e explic\u00e1moslles a trav\u00e9s dun relato todas estas reflexi\u00f3ns xa que son profesionais que estar\u00e1n en contacto con este colectivo e sobre todo pola importancia desta data, sabendo que esa persoa maior alg\u00fan d\u00eda seremos n\u00f3s.<\/p>\n\n\n\n<p>As frases e estereotipos que versan sobre a vellez e que se leron foron:<\/p>\n\n\n\n<ul><li>\u201c<em>Nin pequeni\u00f1a nin pequeni\u00f1o, son Luisa\u201d.<\/em><\/li><li>\u201c<em>Hai cousas que non quero facer, non me presiones\u201d.<\/em><\/li><li>\u201c<em>Eu te\u00f1o nome, non medio nome, son Visita, non Visi\u201d.<\/em><\/li><li>\u201c<em>A veci\u00f1a do lado non necesita saber os callos que te\u00f1o\u201d.<\/em><\/li><li>\u201c<em>A\u00ednda que non fale, dame os bos d\u00edas, boas tardes, ata logo\u201d.<\/em><\/li><li>\u201c<em>Vamos traballar a memoria, non sei que iso da estimulaci\u00f3n cognitiva\u201d.<\/em><\/li><li>\u201c<em>Mot\u00edvame, expl\u00edcame, porque \u00e9 bo para min, non mo impo\u00f1as\u201d.<\/em><\/li><li>\u201c<em>Si, son vello, pero non xordo, non fai falla que me berres\u201d.<\/em><\/li><li>\u201c<em>Tanto te explicaches que quedei como estaba, f\u00e1lame con frases sinxelas e que comprenda\u201d.<\/em><\/li><li>\u201c<em>Xa sei que es moi estudada, pero eu toda a vida com\u00edn guisantes non ch\u00edcharos, f\u00e1lame no idioma que eu te entenda\u201d.<\/em><\/li><li>\u201c<em>L\u00e9vame tempo pero mentras poda facelo eu, deixame facelo am\u00edn soa\u201d.<\/em><\/li><li>\u201c<em>Se\u00f1a ou non av\u00f3a, a t\u00faa non a son, se non sabes o meu nome preg\u00fantame\u201d.<\/em><\/li><li>\u201c<em>Un centro de d\u00eda non \u00e9 unha garder\u00eda, \u00e9 un lugar onde me axudan a recuperar o que perd\u00edn ou frear o que vou perdendo\u201d.<\/em><\/li><li>\u201c<em>O o\u00eddo tam\u00e9n fai que a mi\u00f1a mente siga en forma: a m\u00fasica, os sonidos, fan que recorde\u201d.<\/em><\/li><li>\u201c<em>E se a memoria xa me falla moito, as mans o mellor a\u00ednda recordan, pelar, coser&#8230;se ti me fas o xesto eu seguramente sepa continuar\u201d.<\/em><\/li><li>\u201c<em>Tam\u00e9n temos tempo para n\u00f3s, para ler, para descansar e para falar\u201d.<\/em><\/li><li>\u201c<em>Tam\u00e9n nos gusta moito que nos visiten, hoxe estamos encantadas coa vosa visita\u201d.<\/em><\/li><\/ul>\n\n\n\n<div class=\"wp-block-image\"><figure class=\"aligncenter size-large\"><img loading=\"lazy\" width=\"535\" height=\"521\" src=\"https:\/\/ocentrodedianacasa.igualdadebenestar.org\/wp-content\/uploads\/2022\/06\/Captura-de-pantalla_2022-06-29_08-23-14.png\" alt=\"\" class=\"wp-image-3483\" srcset=\"https:\/\/ocentrodedianacasa.igualdadebenestar.org\/wp-content\/uploads\/2022\/06\/Captura-de-pantalla_2022-06-29_08-23-14.png 535w, https:\/\/ocentrodedianacasa.igualdadebenestar.org\/wp-content\/uploads\/2022\/06\/Captura-de-pantalla_2022-06-29_08-23-14-300x292.png 300w\" sizes=\"(max-width: 535px) 100vw, 535px\" \/><\/figure><\/div>\n\n\n\n<p>En resumo, aqu\u00ed non vimos a pasar o tempo, vimos a que nos axuden a mellorar ou manter todo aquilo que conservamos en base os nosos intereses e sobre todo a que nos traten como persoas, pode que vellas si, pero con moito que facer e dicir.<\/p>\n\n\n\n<p class=\"wp-block-preformatted\"><span style=\"color: #0000ff;\"><strong>Dende&nbsp; OLEIROS<\/strong><\/span><\/p>\n\n\n\n<figure class=\"wp-block-embed-youtube wp-block-embed is-type-video is-provider-youtube wp-embed-aspect-4-3 wp-has-aspect-ratio\"><div class=\"wp-block-embed__wrapper\">\n<iframe title=\"PERFORMANCE MALTRATO VELLEZ CD OLEIROS\" width=\"678\" height=\"509\" src=\"https:\/\/www.youtube.com\/embed\/CWvQWt9rNu4?feature=oembed\" frameborder=\"0\" allow=\"accelerometer; autoplay; clipboard-write; encrypted-media; gyroscope; picture-in-picture\" allowfullscreen><\/iframe>\n<\/div><\/figure>\n\n\n\n<p style=\"text-align: left;\"><span style=\"color: #0000ff;\"><strong>Dende&nbsp; RIBADEO<\/strong><\/span><\/p>\n<p>Para conmemorar o D\u00eda Internacional da toma de Conciencia do abuso e o maltrato na vellez desde o Centro de d\u00eda de Ribadeo e coa colaboraci\u00f3n do Concello e doutro equipamento de persoas maiores do pobo de titularidade municipal Hospital Asilo San Sebasti\u00e1n e San L\u00e1zaro, puxemos en marcha a Campa\u00f1a Verbas de Bo Trato que consistiu na realizaci\u00f3n dunha exposici\u00f3n con carteis, no que se recoll\u00edan testemu\u00f1as das persoas usuarias dos equipamentos participantes como resposta \u00e1 pregunta. Cando sintes ti que te tratan ben?.<\/p>\n<p>O acto consistiu tam\u00e9n na lectura dun manifesto sobre o Bo Trato porque a mellor prevenci\u00f3n para o maltrato \u00e9 o BO TRATO.<\/p>\n<p>&nbsp;<\/p>\n\n\n\n<figure class=\"wp-block-embed-youtube wp-block-embed is-type-video is-provider-youtube wp-embed-aspect-16-9 wp-has-aspect-ratio\"><div class=\"wp-block-embed__wrapper\">\n<iframe title=\"VERBAS DE BO TRATO\" width=\"678\" height=\"381\" src=\"https:\/\/www.youtube.com\/embed\/Irwb9Hh1T50?feature=oembed\" frameborder=\"0\" allow=\"accelerometer; autoplay; clipboard-write; encrypted-media; gyroscope; picture-in-picture\" allowfullscreen><\/iframe>\n<\/div><\/figure>\n\n\n\n<p class=\"wp-block-preformatted\"><span style=\"color: #0000ff;\"><strong>Dende COSPEITO<\/strong><\/span><\/p>\n\n\n\n<div class=\"wp-block-image\"><figure class=\"alignleft size-large is-resized\"><img loading=\"lazy\" src=\"https:\/\/ocentrodedianacasa.igualdadebenestar.org\/wp-content\/uploads\/2022\/06\/WhatsApp-Image-2022-06-15-at-1.00.12-PM-1-1-370x1024.jpeg\" alt=\"\" class=\"wp-image-3386\" width=\"155\" height=\"429\" srcset=\"https:\/\/ocentrodedianacasa.igualdadebenestar.org\/wp-content\/uploads\/2022\/06\/WhatsApp-Image-2022-06-15-at-1.00.12-PM-1-1-370x1024.jpeg 370w, https:\/\/ocentrodedianacasa.igualdadebenestar.org\/wp-content\/uploads\/2022\/06\/WhatsApp-Image-2022-06-15-at-1.00.12-PM-1-1-108x300.jpeg 108w, https:\/\/ocentrodedianacasa.igualdadebenestar.org\/wp-content\/uploads\/2022\/06\/WhatsApp-Image-2022-06-15-at-1.00.12-PM-1-1-555x1536.jpeg 555w, https:\/\/ocentrodedianacasa.igualdadebenestar.org\/wp-content\/uploads\/2022\/06\/WhatsApp-Image-2022-06-15-at-1.00.12-PM-1-1.jpeg 717w\" sizes=\"(max-width: 155px) 100vw, 155px\" \/><\/figure><\/div>\n\n\n\n<p>Este m\u00e9rcores 15 de xu\u00f1o celebramos no centro de d\u00eda de Cospeito, xunto ao alumnado de 2\u00ba de EP do CPI Virxe do Monte de Cospeito, o d\u00eda contra o maltrato ao adulto maior.<\/p>\n\n\n\n<p>Tras proxectar un v\u00eddeo en relaci\u00f3n a esta tem\u00e1tica, puxemos en com\u00fan as nosas impresi\u00f3ns e ideas sobre o adulto maior e a invisibilizaci\u00f3n que sofren, as\u00ed como explicamos e eliminamos diversos mitos sobre a vellez, como por exemplo que ser maior implica estar enfermo, ou perdemos a capacidade de aprender cousas novas&#8230; nada m\u00e1is lonxe da realidade! As persoas usuarias do centro de d\u00eda de Cospeito demostran no seu d\u00eda a d\u00eda que ser maior non \u00e9 ning\u00fan impedimento para poder seguir aprendendo e facer cousas marabillosas.<\/p>\n\n\n\n<p>Para finalizar, fixemos unha chuvia de ideas para elaborar un dec\u00e1logo de dereitos para o adulto maior, o cal escribiron os propios alumnos con moito entusiasmo e dedicaci\u00f3n.<\/p>\n\n\n\n<figure class=\"wp-block-gallery columns-2 is-cropped\"><ul class=\"blocks-gallery-grid\"><li class=\"blocks-gallery-item\"><figure><img loading=\"lazy\" width=\"1024\" height=\"640\" src=\"https:\/\/ocentrodedianacasa.igualdadebenestar.org\/wp-content\/uploads\/2022\/06\/WhatsApp-Image-2022-06-15-at-1.00.09-PM-1-1-1024x640.jpeg\" alt=\"\" data-id=\"3388\" data-full-url=\"https:\/\/ocentrodedianacasa.igualdadebenestar.org\/wp-content\/uploads\/2022\/06\/WhatsApp-Image-2022-06-15-at-1.00.09-PM-1-1.jpeg\" data-link=\"https:\/\/ocentrodedianacasa.igualdadebenestar.org\/?attachment_id=3388\" class=\"wp-image-3388\" srcset=\"https:\/\/ocentrodedianacasa.igualdadebenestar.org\/wp-content\/uploads\/2022\/06\/WhatsApp-Image-2022-06-15-at-1.00.09-PM-1-1-1024x640.jpeg 1024w, https:\/\/ocentrodedianacasa.igualdadebenestar.org\/wp-content\/uploads\/2022\/06\/WhatsApp-Image-2022-06-15-at-1.00.09-PM-1-1-300x188.jpeg 300w, https:\/\/ocentrodedianacasa.igualdadebenestar.org\/wp-content\/uploads\/2022\/06\/WhatsApp-Image-2022-06-15-at-1.00.09-PM-1-1-768x480.jpeg 768w, https:\/\/ocentrodedianacasa.igualdadebenestar.org\/wp-content\/uploads\/2022\/06\/WhatsApp-Image-2022-06-15-at-1.00.09-PM-1-1-1536x960.jpeg 1536w, https:\/\/ocentrodedianacasa.igualdadebenestar.org\/wp-content\/uploads\/2022\/06\/WhatsApp-Image-2022-06-15-at-1.00.09-PM-1-1.jpeg 1601w\" sizes=\"(max-width: 1024px) 100vw, 1024px\" \/><\/figure><\/li><li class=\"blocks-gallery-item\"><figure><img loading=\"lazy\" width=\"1024\" height=\"524\" src=\"https:\/\/ocentrodedianacasa.igualdadebenestar.org\/wp-content\/uploads\/2022\/06\/WhatsApp-Image-2022-06-15-at-1.00.10-PM-1-1-1024x524.jpeg\" alt=\"\" data-id=\"3387\" data-full-url=\"https:\/\/ocentrodedianacasa.igualdadebenestar.org\/wp-content\/uploads\/2022\/06\/WhatsApp-Image-2022-06-15-at-1.00.10-PM-1-1.jpeg\" data-link=\"https:\/\/ocentrodedianacasa.igualdadebenestar.org\/?attachment_id=3387\" class=\"wp-image-3387\" srcset=\"https:\/\/ocentrodedianacasa.igualdadebenestar.org\/wp-content\/uploads\/2022\/06\/WhatsApp-Image-2022-06-15-at-1.00.10-PM-1-1-1024x524.jpeg 1024w, https:\/\/ocentrodedianacasa.igualdadebenestar.org\/wp-content\/uploads\/2022\/06\/WhatsApp-Image-2022-06-15-at-1.00.10-PM-1-1-300x154.jpeg 300w, https:\/\/ocentrodedianacasa.igualdadebenestar.org\/wp-content\/uploads\/2022\/06\/WhatsApp-Image-2022-06-15-at-1.00.10-PM-1-1-768x393.jpeg 768w, https:\/\/ocentrodedianacasa.igualdadebenestar.org\/wp-content\/uploads\/2022\/06\/WhatsApp-Image-2022-06-15-at-1.00.10-PM-1-1-1536x787.jpeg 1536w, https:\/\/ocentrodedianacasa.igualdadebenestar.org\/wp-content\/uploads\/2022\/06\/WhatsApp-Image-2022-06-15-at-1.00.10-PM-1-1.jpeg 1644w\" sizes=\"(max-width: 1024px) 100vw, 1024px\" \/><\/figure><\/li><\/ul><\/figure>\n\n\n\n<p>Unha vez escrito o dec\u00e1logo, do cal se fixeron dous exemplares (un para o centro de d\u00eda e outro para o colexio) o alumnado e as persoas usuarias deixaron plasmadas as s\u00faas mans nel, representando as\u00ed a uni\u00f3n entre estes dous grupos xeracionais.<\/p>\n\n\n\n<p id=\"block-c4f6051f-b20c-45f5-b2c8-cad89beb6142\" class=\"wp-block-preformatted\"><span style=\"color: #0000ff;\"><strong>Dende ARTEIXO<\/strong><\/span><\/p>\n\n\n\n<p>Un d\u00eda significativo como \u00e9 o d\u00eda internacional da toma de conciencia do abuso e maltrato na vellez decidimos sa\u00edr pola contorna de Arteixo para acercarnos aos veci\u00f1os e romper cos estereotipos cos que se relacionan aos maiores.<\/p>\n\n\n\n<p>Durante o mes de maio e xu\u00f1o estivemos preparando xab\u00f3ns feitos por n\u00f3s, con aromas e esencias diferentes, alg\u00fans con plantas, con diferentes cores&#8230; a fin de demostrar a utilidade que temos e canto podemos aportar a\u00ednda a sociedade!! Despois creamos etiquetas vermellas con diferentes estereotipos e a resposta que n\u00f3s mesmos lle damos aos estereotipos \u2013 etiqueta verde:<\/p>\n\n\n\n<figure class=\"wp-block-image size-large is-resized\"><img loading=\"lazy\" src=\"https:\/\/ocentrodedianacasa.igualdadebenestar.org\/wp-content\/uploads\/2022\/06\/WhatsApp-Image-2022-06-16-at-10.00.16-AM.jpeg\" alt=\"\" class=\"wp-image-3392\" width=\"438\" height=\"353\"\/><\/figure>\n\n\n\n<p>Alg\u00fans exemplos son:<\/p>\n\n\n\n<ul><li>\u201cOs maiores est\u00e1n s\u00f3s\u201d Resposta: \u201cs\u00f3s? Na residencia convivimos m\u00e1is de 80 persoas, sempre hai con quen falar ou contar un conto.<\/li><\/ul>\n\n\n\n<ul><li>Estereotipo: \u201cTodas as persoas maiores son iguais\u201d Resposta: \u201c\u00e9 o grupo social con maior variabilidade interindividual\u201d<\/li><\/ul>\n\n\n\n<ul><li>Estereotipo: \u201cos maiores son coma nenos\u201d Resposta: \u201ctemos unha gran experiencia de vida, nunca se nos poder\u00e1 comparar con un grupo social que a\u00ednda acaba de nacer como quen di\u201d.<\/li><\/ul>\n\n\n\n<ul><li>Estereotipo: \u201cAs persoas maiores non poden aprender cousas novas\u201d Resposta: \u201c utilizamos tablets e facemos videochamadas\u201d<\/li><\/ul>\n\n\n\n<ul><li>Estereotipo: \u201cAs persoas maiores non son capaces de adaptarse aos cambios\u201d Resposta: \u201ccon 90 anos decid\u00edn ir a vivir a unha residencia e compartir habitaci\u00f3n con outra persoa\u201d<\/li><\/ul>\n\n\n\n<p>A verdade, e que foi unha moi boa experiencia xa que foi un d\u00eda noso para romper as barreiras da estigmatizaci\u00f3n, e tivo unha gran acollida entre todas as persoas de Arteixo.<\/p>\n\n\n\n<p>Ademais durante o d\u00eda 15 e 16 de xu\u00f1o, estivemos elaborando un c\u00f3mic cos estereotipos para po\u00f1er no centro, onde todas as visitas que acudan o poidan ler, e as\u00ed intentar cambiar as crenzas que se te\u00f1en sobre n\u00f3s.<\/p>\n\n\n\n<p><span style=\"color: #0000ff;\"><strong>&nbsp; Dende&nbsp; MI\u00d1O e CURTIS<br><\/strong><\/span><\/p>\n\n\n\n<p>Con motivo do D\u00eda Mundial de toma de conciencia do abuso e maltrato na vellez, dende os centros de d\u00eda de Curtis e de Mi\u00f1o elaboraron entre as persoas usuarias e as profesionais un mural con vi\u00f1etas de c\u00f3mic para reivindicar e concienciar sobre a gravidade de abuso e maltrato \u00e1s persoas maiores.<\/p>\n\n\n\n<figure class=\"wp-block-image size-large\"><img loading=\"lazy\" width=\"1024\" height=\"512\" src=\"https:\/\/ocentrodedianacasa.igualdadebenestar.org\/wp-content\/uploads\/2022\/06\/ACTIVIDADE-15.06.22-1024x512.jpeg\" alt=\"\" class=\"wp-image-3400\" srcset=\"https:\/\/ocentrodedianacasa.igualdadebenestar.org\/wp-content\/uploads\/2022\/06\/ACTIVIDADE-15.06.22-1024x512.jpeg 1024w, https:\/\/ocentrodedianacasa.igualdadebenestar.org\/wp-content\/uploads\/2022\/06\/ACTIVIDADE-15.06.22-300x150.jpeg 300w, https:\/\/ocentrodedianacasa.igualdadebenestar.org\/wp-content\/uploads\/2022\/06\/ACTIVIDADE-15.06.22-768x384.jpeg 768w, https:\/\/ocentrodedianacasa.igualdadebenestar.org\/wp-content\/uploads\/2022\/06\/ACTIVIDADE-15.06.22-1536x768.jpeg 1536w, https:\/\/ocentrodedianacasa.igualdadebenestar.org\/wp-content\/uploads\/2022\/06\/ACTIVIDADE-15.06.22.jpeg 1600w\" sizes=\"(max-width: 1024px) 100vw, 1024px\" \/><figcaption>Centro de d\u00eda de Mi\u00f1o<\/figcaption><\/figure>\n\n\n\n<figure class=\"wp-block-image size-large\"><img loading=\"lazy\" width=\"1024\" height=\"576\" src=\"https:\/\/ocentrodedianacasa.igualdadebenestar.org\/wp-content\/uploads\/2022\/06\/ACTIVIDADE-15.06.22-1-1024x576.jpeg\" alt=\"\" class=\"wp-image-3416\" srcset=\"https:\/\/ocentrodedianacasa.igualdadebenestar.org\/wp-content\/uploads\/2022\/06\/ACTIVIDADE-15.06.22-1-1024x576.jpeg 1024w, https:\/\/ocentrodedianacasa.igualdadebenestar.org\/wp-content\/uploads\/2022\/06\/ACTIVIDADE-15.06.22-1-300x169.jpeg 300w, https:\/\/ocentrodedianacasa.igualdadebenestar.org\/wp-content\/uploads\/2022\/06\/ACTIVIDADE-15.06.22-1-768x432.jpeg 768w, https:\/\/ocentrodedianacasa.igualdadebenestar.org\/wp-content\/uploads\/2022\/06\/ACTIVIDADE-15.06.22-1.jpeg 1504w\" sizes=\"(max-width: 1024px) 100vw, 1024px\" \/><figcaption>Centro de d\u00eda de Curtis<\/figcaption><\/figure>\n\n\n\n<p><br><span style=\"color: #0000ff;\"><strong>&nbsp; Dende&nbsp; TOMI\u00d1O<\/strong><\/span><\/p>\n\n\n\n<p>O d\u00eda 15 de xu\u00f1o dende o Centro de D\u00eda de Tomi\u00f1o levouse a cabo unha actividade de difusi\u00f3n e concienciaci\u00f3n con motivo do <strong>D\u00eda Mundial da Toma de Conciencia do Abuso e Maltrato na vellez<\/strong>. En colaboraci\u00f3n co Concello de Tomi\u00f1o colocouse unha pancarta na balconada do mesmo.<\/p>\n\n\n\n<p>Aproveitando a afluencia por ser d\u00eda de mercado, dende o centro de d\u00eda acudiron sete persoas usuarias acompa\u00f1adas do persoal \u00e1 praza do concello. Desta forma empregando a s\u00faa propia voz e uns folletos informativos creados para a ocasi\u00f3n, puideron dar a co\u00f1ecer \u00f3s seus conveci\u00f1os a importancia deste d\u00eda.<\/p>\n\n\n\n<p>Outra das paradas do d\u00eda foi &nbsp;o Mercado de Tomi\u00f1o, concretamente o segundo andar, onde as persoas desfrutaron da exposici\u00f3n fotogr\u00e1fica &#8220;<strong>Non pesan os anos, pesan os mitos&#8221;<\/strong>, froito da colaboraci\u00f3n de diferentes centros de d\u00eda (Tomi\u00f1o, Baiona, Coia, Porri\u00f1o, Valadares). Esta exposici\u00f3n est\u00e1 dispo\u00f1ible dende o d\u00eda 13 ata o 17 de xu\u00f1o &nbsp;a para todas as persoas que a queiran desfrutar.<\/p>\n\n\n\n<p>Tam\u00e9n pode consultarse a nova ,na paxina web do concello de Tomi\u00f1o:<\/p>\n\n\n\n<p><a href=\"https:\/\/tomino.gal\/o-centro-de-dia-de-tomino-conmemora-o-dia-mundial-de-toma-de-conciencia-do-abuso-e-maltrato-na-vellez-cunha-mesa-informativa-e-unha-exposicion\/\">https:\/\/tomino.gal\/o-centro-de-dia-de-tomino-conmemora-o-dia-mundial-de-toma-de-conciencia-do-abuso-e-maltrato-na-vellez-cunha-mesa-informativa-e-unha-exposicion\/<\/a><\/p>\n\n\n\n<figure class=\"wp-block-gallery columns-2 is-cropped\"><ul class=\"blocks-gallery-grid\"><li class=\"blocks-gallery-item\"><figure><img loading=\"lazy\" width=\"1024\" height=\"461\" src=\"https:\/\/ocentrodedianacasa.igualdadebenestar.org\/wp-content\/uploads\/2022\/06\/288521104_5752122961467807_4412856108047618649_n-1024x461.jpg\" alt=\"\" data-id=\"3410\" data-full-url=\"https:\/\/ocentrodedianacasa.igualdadebenestar.org\/wp-content\/uploads\/2022\/06\/288521104_5752122961467807_4412856108047618649_n.jpg\" data-link=\"https:\/\/ocentrodedianacasa.igualdadebenestar.org\/?attachment_id=3410\" class=\"wp-image-3410\" srcset=\"https:\/\/ocentrodedianacasa.igualdadebenestar.org\/wp-content\/uploads\/2022\/06\/288521104_5752122961467807_4412856108047618649_n-1024x461.jpg 1024w, https:\/\/ocentrodedianacasa.igualdadebenestar.org\/wp-content\/uploads\/2022\/06\/288521104_5752122961467807_4412856108047618649_n-300x135.jpg 300w, https:\/\/ocentrodedianacasa.igualdadebenestar.org\/wp-content\/uploads\/2022\/06\/288521104_5752122961467807_4412856108047618649_n-768x346.jpg 768w, https:\/\/ocentrodedianacasa.igualdadebenestar.org\/wp-content\/uploads\/2022\/06\/288521104_5752122961467807_4412856108047618649_n-1536x691.jpg 1536w, https:\/\/ocentrodedianacasa.igualdadebenestar.org\/wp-content\/uploads\/2022\/06\/288521104_5752122961467807_4412856108047618649_n.jpg 1600w\" sizes=\"(max-width: 1024px) 100vw, 1024px\" \/><\/figure><\/li><li class=\"blocks-gallery-item\"><figure><img loading=\"lazy\" width=\"1024\" height=\"461\" src=\"https:\/\/ocentrodedianacasa.igualdadebenestar.org\/wp-content\/uploads\/2022\/06\/288425542_5752123211467782_3147894444833784489_n-1024x461.jpg\" alt=\"\" data-id=\"3411\" data-full-url=\"https:\/\/ocentrodedianacasa.igualdadebenestar.org\/wp-content\/uploads\/2022\/06\/288425542_5752123211467782_3147894444833784489_n.jpg\" data-link=\"https:\/\/ocentrodedianacasa.igualdadebenestar.org\/?attachment_id=3411\" class=\"wp-image-3411\" srcset=\"https:\/\/ocentrodedianacasa.igualdadebenestar.org\/wp-content\/uploads\/2022\/06\/288425542_5752123211467782_3147894444833784489_n-1024x461.jpg 1024w, https:\/\/ocentrodedianacasa.igualdadebenestar.org\/wp-content\/uploads\/2022\/06\/288425542_5752123211467782_3147894444833784489_n-300x135.jpg 300w, https:\/\/ocentrodedianacasa.igualdadebenestar.org\/wp-content\/uploads\/2022\/06\/288425542_5752123211467782_3147894444833784489_n-768x346.jpg 768w, https:\/\/ocentrodedianacasa.igualdadebenestar.org\/wp-content\/uploads\/2022\/06\/288425542_5752123211467782_3147894444833784489_n-1536x691.jpg 1536w, https:\/\/ocentrodedianacasa.igualdadebenestar.org\/wp-content\/uploads\/2022\/06\/288425542_5752123211467782_3147894444833784489_n.jpg 1600w\" sizes=\"(max-width: 1024px) 100vw, 1024px\" \/><\/figure><\/li><\/ul><\/figure>\n\n\n\n<p><br><span style=\"color: #0000ff;\"><strong>&nbsp; Dende&nbsp; FERROL CARANZA<br><\/strong><\/span><\/p>\n\n\n\n<p>O 15 de xu\u00f1o celebrase O D\u00eda Mundial de Toma de Conciencia do Abuso e Maltrato na Vellez, unha data oficial da ONU co obxectivo de concienciar e denunciar o maltrato, abuso e sufrimentos aos cales son sometidos moitas persoas maiores en distintas partes do mundo. O tema deste 2022 \u00e9 &#8220;Combater o abuso cara os nosos maiores&#8221;. Para combater os abusos a mellor f\u00f3rmula e co\u00f1ecer os dereitos. Por este motivo A Confederaci\u00f3n Estatal de maiores Activos ( CONFEMAC) realizou unha charla no centro de d\u00eda de Ferrol Caranza o 16 de xu\u00f1o \u00e1s 11:15 horas dirixida \u00e1s persoas usuarias. Inform\u00e1ronnos sobre: a afouteza das persoas maiores nos<br>seus dereitos para que tomen conciencia e non perdan o control da s\u00faa vida e dos seus bens, facendo respectar os seus dereitos.<br>Na actividade formativa Dona Ma Jos\u00e9 S\u00e1nchez Morilla, monitora explicou que o apropiado \u00e9  axudar as persoas maiores no que precisan pero que deben ser elas as que marquen as pautas das s\u00faas necesidades e a familia debe prestar o apoio que necesita. Isto require un cambio de<br>mentalidade urxente<br>As persoas usuarias mostraron interese na charla, ademais ao rematar o faladoiro iniciouse un pequeno debate e espazo para a reflexi\u00f3n.<\/p>\n\n\n\n<figure class=\"wp-block-image size-large is-resized\"><img loading=\"lazy\" src=\"https:\/\/ocentrodedianacasa.igualdadebenestar.org\/wp-content\/uploads\/2022\/06\/Captura-de-pantalla_2022-06-17_12-08-14.png\" alt=\"\" class=\"wp-image-3419\" width=\"375\" height=\"220\" srcset=\"https:\/\/ocentrodedianacasa.igualdadebenestar.org\/wp-content\/uploads\/2022\/06\/Captura-de-pantalla_2022-06-17_12-08-14.png 955w, https:\/\/ocentrodedianacasa.igualdadebenestar.org\/wp-content\/uploads\/2022\/06\/Captura-de-pantalla_2022-06-17_12-08-14-300x177.png 300w, https:\/\/ocentrodedianacasa.igualdadebenestar.org\/wp-content\/uploads\/2022\/06\/Captura-de-pantalla_2022-06-17_12-08-14-768x453.png 768w\" sizes=\"(max-width: 375px) 100vw, 375px\" \/><\/figure>\n\n\n\n<p><span style=\"color: #0000ff;\"><strong>&nbsp; Dende&nbsp; CULLEREDO<\/strong><\/span><\/p>\n\n\n\n<p>Con motivo do d\u00eda 15 de xu\u00f1o \u201cDia Mundial contra o Abuso e Maltrato na Vellez\u201d, no Centro de D\u00eda de Culleredo quixemos mostrar a importancia da vida das nosas persoas usuarias, a trav\u00e9s da realizaci\u00f3n dun v\u00eddeo tipo entrevista, no que cada participante deb\u00eda de responder unhas preguntas sobre a s\u00faa vida persoal.<\/p>\n\n\n\n<p>O gui\u00f3n do v\u00eddeo foi realizado por todas as persoas usuarias. Fix\u00e1ronse varias reuni\u00f3n e decid\u00edronse que preguntas lles gustar\u00eda facer para poder visualizar esta problem\u00e1tica e romper cos estereotipos e mitos ligados a vellez. Na gravaci\u00f3n s\u00f3 hai unhas poucas persoas que decid\u00edronse nunha das reuni\u00f3ns.<\/p>\n\n\n\n<p>As gravaci\u00f3ns fac\u00edanse individualmente nunha das salas do centro, creando un espazo intimo e c\u00f3modo para a realizaci\u00f3n do v\u00eddeo, logrando as\u00ed que os entrevistados soltaranse.<\/p>\n\n\n\n<p>O propio d\u00eda 15 visualizamos o v\u00eddeo todos xuntos. Foi unha experiencia moi enriquecedora tanto para eles mesmos como para as traballadoras poder co\u00f1ecelos un pouco m\u00e1is.<\/p>\n\n\n\n<figure class=\"wp-block-embed-youtube wp-block-embed is-type-video is-provider-youtube wp-embed-aspect-16-9 wp-has-aspect-ratio\"><div class=\"wp-block-embed__wrapper\">\n<iframe title=\"D\u00eda 15 de xu\u00f1o \u201cDia Mundial contra o Abuso e Maltrato na Vellez\u201d, no Centro de D\u00eda de Culleredo\" width=\"678\" height=\"381\" src=\"https:\/\/www.youtube.com\/embed\/hfmNApojO-A?feature=oembed\" frameborder=\"0\" allow=\"accelerometer; autoplay; clipboard-write; encrypted-media; gyroscope; picture-in-picture\" allowfullscreen><\/iframe>\n<\/div><\/figure>\n ","protected":false},"excerpt":{"rendered":"<p>D\u00eda internacional da toma de conciencia do abuso e maltrato na vellez, 15 de xu\u00f1o O d\u00eda 15 foi o d\u00eda internacional da toma de conciencia en contra do abuso <a class=\"more-link\" href=\"https:\/\/ocentrodedianacasa.igualdadebenestar.org\/?p=3379\">Continue Reading &rarr;<\/a><\/p>\n","protected":false},"author":3,"featured_media":0,"comment_status":"open","ping_status":"open","sticky":false,"template":"","format":"aside","meta":[],"categories":[44],"tags":[],"post_mailing_queue_ids":[],"_links":{"self":[{"href":"https:\/\/ocentrodedianacasa.igualdadebenestar.org\/index.php?rest_route=\/wp\/v2\/posts\/3379"}],"collection":[{"href":"https:\/\/ocentrodedianacasa.igualdadebenestar.org\/index.php?rest_route=\/wp\/v2\/posts"}],"about":[{"href":"https:\/\/ocentrodedianacasa.igualdadebenestar.org\/index.php?rest_route=\/wp\/v2\/types\/post"}],"author":[{"embeddable":true,"href":"https:\/\/ocentrodedianacasa.igualdadebenestar.org\/index.php?rest_route=\/wp\/v2\/users\/3"}],"replies":[{"embeddable":true,"href":"https:\/\/ocentrodedianacasa.igualdadebenestar.org\/index.php?rest_route=%2Fwp%2Fv2%2Fcomments&post=3379"}],"version-history":[{"count":25,"href":"https:\/\/ocentrodedianacasa.igualdadebenestar.org\/index.php?rest_route=\/wp\/v2\/posts\/3379\/revisions"}],"predecessor-version":[{"id":3485,"href":"https:\/\/ocentrodedianacasa.igualdadebenestar.org\/index.php?rest_route=\/wp\/v2\/posts\/3379\/revisions\/3485"}],"wp:attachment":[{"href":"https:\/\/ocentrodedianacasa.igualdadebenestar.org\/index.php?rest_route=%2Fwp%2Fv2%2Fmedia&parent=3379"}],"wp:term":[{"taxonomy":"category","embeddable":true,"href":"https:\/\/ocentrodedianacasa.igualdadebenestar.org\/index.php?rest_route=%2Fwp%2Fv2%2Fcategories&post=3379"},{"taxonomy":"post_tag","embeddable":true,"href":"https:\/\/ocentrodedianacasa.igualdadebenestar.org\/index.php?rest_route=%2Fwp%2Fv2%2Ftags&post=3379"}],"curies":[{"name":"wp","href":"https:\/\/api.w.org\/{rel}","templated":true}]}}