{"id":3332,"date":"2022-06-08T15:13:13","date_gmt":"2022-06-08T13:13:13","guid":{"rendered":"https:\/\/ocentrodedianacasa.igualdadebenestar.org\/?p=3332"},"modified":"2022-06-08T15:13:15","modified_gmt":"2022-06-08T13:13:15","slug":"andaina-dende-o-centro-de-dia-de-cospeito","status":"publish","type":"post","link":"https:\/\/ocentrodedianacasa.igualdadebenestar.org\/?p=3332","title":{"rendered":"Andaina dende o Centro de d\u00eda de Cospeito"},"content":{"rendered":"\n<p class=\"has-text-align-center has-large-font-size\"><strong>Andaina dende o Centro de d\u00eda de Cospeito<\/strong><\/p>\n\n\n\n<p>No ano 2019 comezamos coa iniciativa de conmemorar o d\u00eda mundial do medio ambiente, que se celebra o 5 de xu\u00f1o, coa organizaci\u00f3n dunha andaina aberta \u00e1 comunidade dende o centro de d\u00eda e percorrendo parte da senda da Lagoa de Cospeito, a cal forma parte da Rede Natura 2000, da reserva da biosfera, do LIC Parga-Ladra-T\u00e1moga e \u00e9 un espazo protexido. Agora que a situaci\u00f3n sanitaria no lo permite, retomamos esta iniciativa, e este martes 7 de xu\u00f1o realizamos a andaina aproveitando o bo tempo.<\/p>\n\n\n\n<p>Foi unha actividade compartida entre persoas usuarias, persoal do centro, familiares e veci\u00f1os, a cal desfrutamos enormemente, posto que a nosa lagoa \u00e9 un lugar que nos transmite moita paz e nos pon en contacto coa natureza.<\/p>\n\n\n\n<p>Esperamos nos vindeiros anos seguir mantendo esta actividade e convertelo nunha tradici\u00f3n.<\/p>\n\n\n\n<div class=\"wp-block-image is-style-rounded\"><figure class=\"aligncenter size-large is-resized\"><img loading=\"lazy\" src=\"https:\/\/ocentrodedianacasa.igualdadebenestar.org\/wp-content\/uploads\/2022\/06\/WhatsApp-Image-2022-06-08-at-8.17.30-AM-1024x768.jpeg\" alt=\"\" class=\"wp-image-3333\" width=\"414\" height=\"311\" srcset=\"https:\/\/ocentrodedianacasa.igualdadebenestar.org\/wp-content\/uploads\/2022\/06\/WhatsApp-Image-2022-06-08-at-8.17.30-AM-1024x768.jpeg 1024w, https:\/\/ocentrodedianacasa.igualdadebenestar.org\/wp-content\/uploads\/2022\/06\/WhatsApp-Image-2022-06-08-at-8.17.30-AM-300x225.jpeg 300w, https:\/\/ocentrodedianacasa.igualdadebenestar.org\/wp-content\/uploads\/2022\/06\/WhatsApp-Image-2022-06-08-at-8.17.30-AM-768x576.jpeg 768w, https:\/\/ocentrodedianacasa.igualdadebenestar.org\/wp-content\/uploads\/2022\/06\/WhatsApp-Image-2022-06-08-at-8.17.30-AM-1536x1152.jpeg 1536w, https:\/\/ocentrodedianacasa.igualdadebenestar.org\/wp-content\/uploads\/2022\/06\/WhatsApp-Image-2022-06-08-at-8.17.30-AM.jpeg 1600w\" sizes=\"(max-width: 414px) 100vw, 414px\" \/><\/figure><\/div>\n ","protected":false},"excerpt":{"rendered":"<p>Andaina dende o Centro de d\u00eda de Cospeito No ano 2019 comezamos coa iniciativa de conmemorar o d\u00eda mundial do medio ambiente, que se celebra o 5 de xu\u00f1o, coa <a class=\"more-link\" href=\"https:\/\/ocentrodedianacasa.igualdadebenestar.org\/?p=3332\">Continue Reading &rarr;<\/a><\/p>\n","protected":false},"author":3,"featured_media":0,"comment_status":"open","ping_status":"open","sticky":false,"template":"","format":"aside","meta":[],"categories":[23],"tags":[],"post_mailing_queue_ids":[],"_links":{"self":[{"href":"https:\/\/ocentrodedianacasa.igualdadebenestar.org\/index.php?rest_route=\/wp\/v2\/posts\/3332"}],"collection":[{"href":"https:\/\/ocentrodedianacasa.igualdadebenestar.org\/index.php?rest_route=\/wp\/v2\/posts"}],"about":[{"href":"https:\/\/ocentrodedianacasa.igualdadebenestar.org\/index.php?rest_route=\/wp\/v2\/types\/post"}],"author":[{"embeddable":true,"href":"https:\/\/ocentrodedianacasa.igualdadebenestar.org\/index.php?rest_route=\/wp\/v2\/users\/3"}],"replies":[{"embeddable":true,"href":"https:\/\/ocentrodedianacasa.igualdadebenestar.org\/index.php?rest_route=%2Fwp%2Fv2%2Fcomments&post=3332"}],"version-history":[{"count":1,"href":"https:\/\/ocentrodedianacasa.igualdadebenestar.org\/index.php?rest_route=\/wp\/v2\/posts\/3332\/revisions"}],"predecessor-version":[{"id":3334,"href":"https:\/\/ocentrodedianacasa.igualdadebenestar.org\/index.php?rest_route=\/wp\/v2\/posts\/3332\/revisions\/3334"}],"wp:attachment":[{"href":"https:\/\/ocentrodedianacasa.igualdadebenestar.org\/index.php?rest_route=%2Fwp%2Fv2%2Fmedia&parent=3332"}],"wp:term":[{"taxonomy":"category","embeddable":true,"href":"https:\/\/ocentrodedianacasa.igualdadebenestar.org\/index.php?rest_route=%2Fwp%2Fv2%2Fcategories&post=3332"},{"taxonomy":"post_tag","embeddable":true,"href":"https:\/\/ocentrodedianacasa.igualdadebenestar.org\/index.php?rest_route=%2Fwp%2Fv2%2Ftags&post=3332"}],"curies":[{"name":"wp","href":"https:\/\/api.w.org\/{rel}","templated":true}]}}