{"id":3322,"date":"2022-06-08T09:28:40","date_gmt":"2022-06-08T07:28:40","guid":{"rendered":"https:\/\/ocentrodedianacasa.igualdadebenestar.org\/?p=3322"},"modified":"2022-06-08T15:15:25","modified_gmt":"2022-06-08T13:15:25","slug":"03-de-xuno-dia-mundial-da-bicicleta","status":"publish","type":"post","link":"https:\/\/ocentrodedianacasa.igualdadebenestar.org\/?p=3322","title":{"rendered":"3 de xu\u00f1o: D\u00eda mundial da bicileta"},"content":{"rendered":"\n<p class=\"has-text-align-center has-large-font-size\"><strong>3 DE XU\u00d1O: D\u00eda mundial da bicicleta<\/strong><\/p>\n\n\n\n<div class=\"wp-block-image is-style-default\"><figure class=\"aligncenter size-large\"><img loading=\"lazy\" width=\"436\" height=\"310\" src=\"https:\/\/ocentrodedianacasa.igualdadebenestar.org\/wp-content\/uploads\/2022\/06\/Captura-de-pantalla_2022-06-08_09-34-02.png\" alt=\"\" class=\"wp-image-3329\" srcset=\"https:\/\/ocentrodedianacasa.igualdadebenestar.org\/wp-content\/uploads\/2022\/06\/Captura-de-pantalla_2022-06-08_09-34-02.png 436w, https:\/\/ocentrodedianacasa.igualdadebenestar.org\/wp-content\/uploads\/2022\/06\/Captura-de-pantalla_2022-06-08_09-34-02-300x213.png 300w\" sizes=\"(max-width: 436px) 100vw, 436px\" \/><figcaption><strong><em>\u201c<\/em><\/strong><em>Cando me doen as pernas, digo: \u2018\u00a1Calade, pernas! \u00a1Facede o que eu vos diga !<\/em>&#8221; Jens Voigt<\/figcaption><\/figure><\/div>\n\n\n\n<p>O pasado 27\/05\/2022 dende o centro de d\u00eda de San Sadurni\u00f1o puidemos gozar do percorrido da primeira etapa da \u201cVolta ciclista \u00e1 provincia de A Coru\u00f1a\u201d e, como non pod\u00eda ser doutra maneira, decidimos celebrar por todo o alto o d\u00eda mundial da bicicleta.<\/p>\n\n\n\n<p>O d\u00eda da bicicleta cel\u00e9brase cada 03 de xu\u00f1o coa finalidade de facer visible a importancia do uso deste medio de transporte ecol\u00f3xico, que naceu a mediados do s\u00e9culo XIX en Alemania.<\/p>\n\n\n\n<p>Para conmemorar esta data, decidimos preparar unha xornada de \u201cpedaladas populares\u201d entre as persoas usuarias. Traslad\u00e1monos \u00e1 terraza do centro, onde as persoas usuarias convert\u00e9ronse en verdadeiros ciclistas, pedaleando en intervalos de tempo, lucindo dorsais e gozando dos beneficios f\u00edsicos e emocionais que aporta esta actividade. Inclusive con avituallamento inclu\u00eddo no marat\u00f3n.<\/p>\n\n\n\n<div class=\"wp-block-group\"><div class=\"wp-block-group__inner-container\">\n<figure class=\"wp-block-gallery columns-3 is-cropped\"><ul class=\"blocks-gallery-grid\"><li class=\"blocks-gallery-item\"><figure><img loading=\"lazy\" width=\"768\" height=\"1024\" src=\"https:\/\/ocentrodedianacasa.igualdadebenestar.org\/wp-content\/uploads\/2022\/06\/DIA-MUNDIAL-DA-BICICLETA-3-DE-XUNO-5-768x1024.jpeg\" alt=\"\" data-id=\"3323\" data-full-url=\"https:\/\/ocentrodedianacasa.igualdadebenestar.org\/wp-content\/uploads\/2022\/06\/DIA-MUNDIAL-DA-BICICLETA-3-DE-XUNO-5.jpeg\" data-link=\"https:\/\/ocentrodedianacasa.igualdadebenestar.org\/?attachment_id=3323\" class=\"wp-image-3323\" srcset=\"https:\/\/ocentrodedianacasa.igualdadebenestar.org\/wp-content\/uploads\/2022\/06\/DIA-MUNDIAL-DA-BICICLETA-3-DE-XUNO-5-768x1024.jpeg 768w, https:\/\/ocentrodedianacasa.igualdadebenestar.org\/wp-content\/uploads\/2022\/06\/DIA-MUNDIAL-DA-BICICLETA-3-DE-XUNO-5-225x300.jpeg 225w, https:\/\/ocentrodedianacasa.igualdadebenestar.org\/wp-content\/uploads\/2022\/06\/DIA-MUNDIAL-DA-BICICLETA-3-DE-XUNO-5-1152x1536.jpeg 1152w, https:\/\/ocentrodedianacasa.igualdadebenestar.org\/wp-content\/uploads\/2022\/06\/DIA-MUNDIAL-DA-BICICLETA-3-DE-XUNO-5.jpeg 1200w\" sizes=\"(max-width: 768px) 100vw, 768px\" \/><\/figure><\/li><li class=\"blocks-gallery-item\"><figure><img loading=\"lazy\" width=\"1024\" height=\"768\" src=\"https:\/\/ocentrodedianacasa.igualdadebenestar.org\/wp-content\/uploads\/2022\/06\/DIA-MUNDIAL-DA-BICICLETA-3-DE-XUNO-3-1024x768.jpeg\" alt=\"\" data-id=\"3324\" data-full-url=\"https:\/\/ocentrodedianacasa.igualdadebenestar.org\/wp-content\/uploads\/2022\/06\/DIA-MUNDIAL-DA-BICICLETA-3-DE-XUNO-3.jpeg\" data-link=\"https:\/\/ocentrodedianacasa.igualdadebenestar.org\/?attachment_id=3324\" class=\"wp-image-3324\" srcset=\"https:\/\/ocentrodedianacasa.igualdadebenestar.org\/wp-content\/uploads\/2022\/06\/DIA-MUNDIAL-DA-BICICLETA-3-DE-XUNO-3-1024x768.jpeg 1024w, https:\/\/ocentrodedianacasa.igualdadebenestar.org\/wp-content\/uploads\/2022\/06\/DIA-MUNDIAL-DA-BICICLETA-3-DE-XUNO-3-300x225.jpeg 300w, https:\/\/ocentrodedianacasa.igualdadebenestar.org\/wp-content\/uploads\/2022\/06\/DIA-MUNDIAL-DA-BICICLETA-3-DE-XUNO-3-768x576.jpeg 768w, https:\/\/ocentrodedianacasa.igualdadebenestar.org\/wp-content\/uploads\/2022\/06\/DIA-MUNDIAL-DA-BICICLETA-3-DE-XUNO-3-1536x1152.jpeg 1536w, https:\/\/ocentrodedianacasa.igualdadebenestar.org\/wp-content\/uploads\/2022\/06\/DIA-MUNDIAL-DA-BICICLETA-3-DE-XUNO-3.jpeg 1600w\" sizes=\"(max-width: 1024px) 100vw, 1024px\" \/><\/figure><\/li><li class=\"blocks-gallery-item\"><figure><img loading=\"lazy\" width=\"1024\" height=\"768\" src=\"https:\/\/ocentrodedianacasa.igualdadebenestar.org\/wp-content\/uploads\/2022\/06\/DIA-MUNDIAL-DA-BICICLETA-3-DE-XUNO-1024x768.jpeg\" alt=\"\" data-id=\"3325\" data-full-url=\"https:\/\/ocentrodedianacasa.igualdadebenestar.org\/wp-content\/uploads\/2022\/06\/DIA-MUNDIAL-DA-BICICLETA-3-DE-XUNO.jpeg\" data-link=\"https:\/\/ocentrodedianacasa.igualdadebenestar.org\/?attachment_id=3325\" class=\"wp-image-3325\" srcset=\"https:\/\/ocentrodedianacasa.igualdadebenestar.org\/wp-content\/uploads\/2022\/06\/DIA-MUNDIAL-DA-BICICLETA-3-DE-XUNO-1024x768.jpeg 1024w, https:\/\/ocentrodedianacasa.igualdadebenestar.org\/wp-content\/uploads\/2022\/06\/DIA-MUNDIAL-DA-BICICLETA-3-DE-XUNO-300x225.jpeg 300w, https:\/\/ocentrodedianacasa.igualdadebenestar.org\/wp-content\/uploads\/2022\/06\/DIA-MUNDIAL-DA-BICICLETA-3-DE-XUNO-768x576.jpeg 768w, https:\/\/ocentrodedianacasa.igualdadebenestar.org\/wp-content\/uploads\/2022\/06\/DIA-MUNDIAL-DA-BICICLETA-3-DE-XUNO-1536x1152.jpeg 1536w, https:\/\/ocentrodedianacasa.igualdadebenestar.org\/wp-content\/uploads\/2022\/06\/DIA-MUNDIAL-DA-BICICLETA-3-DE-XUNO.jpeg 1600w\" sizes=\"(max-width: 1024px) 100vw, 1024px\" \/><\/figure><\/li><\/ul><\/figure>\n<\/div><\/div>\n\n\n\n<p><\/p>\n ","protected":false},"excerpt":{"rendered":"<p>3 DE XU\u00d1O: D\u00eda mundial da bicicleta O pasado 27\/05\/2022 dende o centro de d\u00eda de San Sadurni\u00f1o puidemos gozar do percorrido da primeira etapa da \u201cVolta ciclista \u00e1 provincia <a class=\"more-link\" href=\"https:\/\/ocentrodedianacasa.igualdadebenestar.org\/?p=3322\">Continue Reading &rarr;<\/a><\/p>\n","protected":false},"author":3,"featured_media":0,"comment_status":"open","ping_status":"open","sticky":false,"template":"","format":"aside","meta":[],"categories":[23],"tags":[],"post_mailing_queue_ids":[],"_links":{"self":[{"href":"https:\/\/ocentrodedianacasa.igualdadebenestar.org\/index.php?rest_route=\/wp\/v2\/posts\/3322"}],"collection":[{"href":"https:\/\/ocentrodedianacasa.igualdadebenestar.org\/index.php?rest_route=\/wp\/v2\/posts"}],"about":[{"href":"https:\/\/ocentrodedianacasa.igualdadebenestar.org\/index.php?rest_route=\/wp\/v2\/types\/post"}],"author":[{"embeddable":true,"href":"https:\/\/ocentrodedianacasa.igualdadebenestar.org\/index.php?rest_route=\/wp\/v2\/users\/3"}],"replies":[{"embeddable":true,"href":"https:\/\/ocentrodedianacasa.igualdadebenestar.org\/index.php?rest_route=%2Fwp%2Fv2%2Fcomments&post=3322"}],"version-history":[{"count":3,"href":"https:\/\/ocentrodedianacasa.igualdadebenestar.org\/index.php?rest_route=\/wp\/v2\/posts\/3322\/revisions"}],"predecessor-version":[{"id":3335,"href":"https:\/\/ocentrodedianacasa.igualdadebenestar.org\/index.php?rest_route=\/wp\/v2\/posts\/3322\/revisions\/3335"}],"wp:attachment":[{"href":"https:\/\/ocentrodedianacasa.igualdadebenestar.org\/index.php?rest_route=%2Fwp%2Fv2%2Fmedia&parent=3322"}],"wp:term":[{"taxonomy":"category","embeddable":true,"href":"https:\/\/ocentrodedianacasa.igualdadebenestar.org\/index.php?rest_route=%2Fwp%2Fv2%2Fcategories&post=3322"},{"taxonomy":"post_tag","embeddable":true,"href":"https:\/\/ocentrodedianacasa.igualdadebenestar.org\/index.php?rest_route=%2Fwp%2Fv2%2Ftags&post=3322"}],"curies":[{"name":"wp","href":"https:\/\/api.w.org\/{rel}","templated":true}]}}