{"id":3288,"date":"2022-06-01T08:00:00","date_gmt":"2022-06-01T06:00:00","guid":{"rendered":"https:\/\/ocentrodedianacasa.igualdadebenestar.org\/?p=3288"},"modified":"2022-05-30T11:23:38","modified_gmt":"2022-05-30T09:23:38","slug":"11-aniversario-centro-de-dia-de-cospeito","status":"publish","type":"post","link":"https:\/\/ocentrodedianacasa.igualdadebenestar.org\/?p=3288","title":{"rendered":"11 ANIVERSARIO CENTRO DE D\u00cdA DE COSPEITO"},"content":{"rendered":"\n<p>Tras un par de anos nos que non foi posible facer grandes celebraci\u00f3ns por mor da situaci\u00f3n sanitaria, este 2022 retomamos as festas por todo o alto para conmemorar o 11 aniversario da apertura do centro de d\u00eda de Cospeito.<\/p>\n\n\n\n<p>Para comezar, <strong>luns 23 de maio<\/strong> (d\u00eda propio do aniversario) as persoas usuarias do centro de d\u00eda representaron unha obra teatral para as s\u00faas familias e todos os membros da comunidade que decidiron achegarse a vernos e pasar unha entretida tarde canda n\u00f3s. Coa obra \u201cA mellor sopa de Cospeito\u201d pasamos unha tarde moi divertida chea de risas. Unha vez rematada a obra, compartimos cos nosos visitantes uns contos e unha boa merenda.<\/p>\n\n\n\n<figure class=\"wp-block-gallery columns-1 is-cropped\"><ul class=\"blocks-gallery-grid\"><li class=\"blocks-gallery-item\"><figure><img loading=\"lazy\" width=\"1024\" height=\"768\" src=\"https:\/\/ocentrodedianacasa.igualdadebenestar.org\/wp-content\/uploads\/2022\/05\/OBRA-DE-TEATRO-11-ANIVERSARIO-1024x768.jpeg\" alt=\"\" data-id=\"3289\" data-full-url=\"https:\/\/ocentrodedianacasa.igualdadebenestar.org\/wp-content\/uploads\/2022\/05\/OBRA-DE-TEATRO-11-ANIVERSARIO.jpeg\" data-link=\"https:\/\/ocentrodedianacasa.igualdadebenestar.org\/?attachment_id=3289\" class=\"wp-image-3289\" srcset=\"https:\/\/ocentrodedianacasa.igualdadebenestar.org\/wp-content\/uploads\/2022\/05\/OBRA-DE-TEATRO-11-ANIVERSARIO-1024x768.jpeg 1024w, https:\/\/ocentrodedianacasa.igualdadebenestar.org\/wp-content\/uploads\/2022\/05\/OBRA-DE-TEATRO-11-ANIVERSARIO-300x225.jpeg 300w, https:\/\/ocentrodedianacasa.igualdadebenestar.org\/wp-content\/uploads\/2022\/05\/OBRA-DE-TEATRO-11-ANIVERSARIO-768x576.jpeg 768w, https:\/\/ocentrodedianacasa.igualdadebenestar.org\/wp-content\/uploads\/2022\/05\/OBRA-DE-TEATRO-11-ANIVERSARIO-1536x1152.jpeg 1536w, https:\/\/ocentrodedianacasa.igualdadebenestar.org\/wp-content\/uploads\/2022\/05\/OBRA-DE-TEATRO-11-ANIVERSARIO.jpeg 1600w\" sizes=\"(max-width: 1024px) 100vw, 1024px\" \/><\/figure><\/li><\/ul><\/figure>\n\n\n\n<p>Por outra banda, o <strong>xoves 26 de maio<\/strong> os Asub\u00edos da Chaira ameniz\u00e1ronnos a tarde con pezas de m\u00fasica popular, as cales todos desfrutamos inmensamente! Foi unha tarde chea de cantos e sobre todo de baile, risas e moita diversi\u00f3n. Tras m\u00e1is de unha hora de m\u00fasica, todos seguiamos pedindo m\u00e1is, pois cando un o est\u00e1 a pasar ben o tempo pasa voando. Como agradecemento pola s\u00faa gran actuaci\u00f3n e o seu bon facer, as persoas usuarias do centro de d\u00eda fix\u00e9ronlles entrega duns agasallos.<\/p>\n\n\n\n<figure class=\"wp-block-image size-large\"><img loading=\"lazy\" width=\"1024\" height=\"626\" src=\"https:\/\/ocentrodedianacasa.igualdadebenestar.org\/wp-content\/uploads\/2022\/06\/FOLIADA-11-ANIVERSARIO-1-1024x626.jpeg\" alt=\"\" class=\"wp-image-3296\" srcset=\"https:\/\/ocentrodedianacasa.igualdadebenestar.org\/wp-content\/uploads\/2022\/06\/FOLIADA-11-ANIVERSARIO-1-1024x626.jpeg 1024w, https:\/\/ocentrodedianacasa.igualdadebenestar.org\/wp-content\/uploads\/2022\/06\/FOLIADA-11-ANIVERSARIO-1-300x183.jpeg 300w, https:\/\/ocentrodedianacasa.igualdadebenestar.org\/wp-content\/uploads\/2022\/06\/FOLIADA-11-ANIVERSARIO-1-768x470.jpeg 768w, https:\/\/ocentrodedianacasa.igualdadebenestar.org\/wp-content\/uploads\/2022\/06\/FOLIADA-11-ANIVERSARIO-1-1536x939.jpeg 1536w, https:\/\/ocentrodedianacasa.igualdadebenestar.org\/wp-content\/uploads\/2022\/06\/FOLIADA-11-ANIVERSARIO-1.jpeg 1957w\" sizes=\"(max-width: 1024px) 100vw, 1024px\" \/><\/figure>\n\n\n\n<p>Para rematar coas celebraci\u00f3ns, o <strong>venres 27 de maio<\/strong> contamos coa colaboraci\u00f3n de XOTRAMU e o alumnado de 1\u00ba de EP do CPI Virxe do Monte de Cospeito para desfrutar dunha ma\u00f1\u00e1 de xogos tradicionais. Por unhas horas volvemos todos a ser cativos e desfrutar coma nunca con estes marabillosos xogos, escachando coa risa mentres competiamos a ver quen lograba marcar gol ou quen anotaba m\u00e1is puntos.<\/p>\n\n\n\n<figure class=\"wp-block-image size-large\"><img loading=\"lazy\" width=\"1024\" height=\"791\" src=\"https:\/\/ocentrodedianacasa.igualdadebenestar.org\/wp-content\/uploads\/2022\/06\/XOGOS-INTERXERACIONAIS-11-ANIVERSARIO-2-1024x791.jpeg\" alt=\"\" class=\"wp-image-3297\" srcset=\"https:\/\/ocentrodedianacasa.igualdadebenestar.org\/wp-content\/uploads\/2022\/06\/XOGOS-INTERXERACIONAIS-11-ANIVERSARIO-2-1024x791.jpeg 1024w, https:\/\/ocentrodedianacasa.igualdadebenestar.org\/wp-content\/uploads\/2022\/06\/XOGOS-INTERXERACIONAIS-11-ANIVERSARIO-2-300x232.jpeg 300w, https:\/\/ocentrodedianacasa.igualdadebenestar.org\/wp-content\/uploads\/2022\/06\/XOGOS-INTERXERACIONAIS-11-ANIVERSARIO-2-768x593.jpeg 768w, https:\/\/ocentrodedianacasa.igualdadebenestar.org\/wp-content\/uploads\/2022\/06\/XOGOS-INTERXERACIONAIS-11-ANIVERSARIO-2.jpeg 1452w\" sizes=\"(max-width: 1024px) 100vw, 1024px\" \/><\/figure>\n\n\n\n<p><\/p>\n\n\n\n<div class=\"wp-block-group has-vivid-cyan-blue-color has-text-color\"><div class=\"wp-block-group__inner-container\">\n<figure class=\"wp-block-gallery columns-0 is-cropped\"><ul class=\"blocks-gallery-grid\"><\/ul><\/figure>\n<\/div><\/div>\n ","protected":false},"excerpt":{"rendered":"<p>Tras un par de anos nos que non foi posible facer grandes celebraci\u00f3ns por mor da situaci\u00f3n sanitaria, este 2022 retomamos as festas por todo o alto para conmemorar o <a class=\"more-link\" href=\"https:\/\/ocentrodedianacasa.igualdadebenestar.org\/?p=3288\">Continue Reading &rarr;<\/a><\/p>\n","protected":false},"author":3,"featured_media":0,"comment_status":"open","ping_status":"open","sticky":false,"template":"","format":"standard","meta":[],"categories":[44],"tags":[],"post_mailing_queue_ids":[],"_links":{"self":[{"href":"https:\/\/ocentrodedianacasa.igualdadebenestar.org\/index.php?rest_route=\/wp\/v2\/posts\/3288"}],"collection":[{"href":"https:\/\/ocentrodedianacasa.igualdadebenestar.org\/index.php?rest_route=\/wp\/v2\/posts"}],"about":[{"href":"https:\/\/ocentrodedianacasa.igualdadebenestar.org\/index.php?rest_route=\/wp\/v2\/types\/post"}],"author":[{"embeddable":true,"href":"https:\/\/ocentrodedianacasa.igualdadebenestar.org\/index.php?rest_route=\/wp\/v2\/users\/3"}],"replies":[{"embeddable":true,"href":"https:\/\/ocentrodedianacasa.igualdadebenestar.org\/index.php?rest_route=%2Fwp%2Fv2%2Fcomments&post=3288"}],"version-history":[{"count":4,"href":"https:\/\/ocentrodedianacasa.igualdadebenestar.org\/index.php?rest_route=\/wp\/v2\/posts\/3288\/revisions"}],"predecessor-version":[{"id":3298,"href":"https:\/\/ocentrodedianacasa.igualdadebenestar.org\/index.php?rest_route=\/wp\/v2\/posts\/3288\/revisions\/3298"}],"wp:attachment":[{"href":"https:\/\/ocentrodedianacasa.igualdadebenestar.org\/index.php?rest_route=%2Fwp%2Fv2%2Fmedia&parent=3288"}],"wp:term":[{"taxonomy":"category","embeddable":true,"href":"https:\/\/ocentrodedianacasa.igualdadebenestar.org\/index.php?rest_route=%2Fwp%2Fv2%2Fcategories&post=3288"},{"taxonomy":"post_tag","embeddable":true,"href":"https:\/\/ocentrodedianacasa.igualdadebenestar.org\/index.php?rest_route=%2Fwp%2Fv2%2Ftags&post=3288"}],"curies":[{"name":"wp","href":"https:\/\/api.w.org\/{rel}","templated":true}]}}