{"id":3247,"date":"2022-05-27T08:00:00","date_gmt":"2022-05-27T06:00:00","guid":{"rendered":"https:\/\/ocentrodedianacasa.igualdadebenestar.org\/?p=3247"},"modified":"2022-05-26T09:02:43","modified_gmt":"2022-05-26T07:02:43","slug":"obradoiro-en-vilar-de-santos-cultivando-os-sentidos-da-natureza-no-maio","status":"publish","type":"post","link":"https:\/\/ocentrodedianacasa.igualdadebenestar.org\/?p=3247","title":{"rendered":"Obradoiro en Vilar de Santos: \u201cCultivando os sentidos da natureza no Maio&#8221;"},"content":{"rendered":"\n<p>Os Maios \u00e9 unha festa antropol\u00f3xica, festa pag\u00e1 coa que se celebra o fin do inverno e a chegada da primavera, prohibida nos primeiros anos do cristianismo. Festa con tradici\u00f3n ourens\u00e1.<\/p>\n\n\n\n<p>A festa do maio consiste nunha construci\u00f3n tradicionalmente c\u00f3nica a base dunha estrutura realiza en madeira, recuberta de arpilleira e de moitos materiais naturais.<\/p>\n\n\n\n<p>A finalidade \u00e9 traballar os sentidos con cheiros propios da natureza, como unha representaci\u00f3n art\u00edstica da primavera, t\u00edpico da zona sur de Galicia e con tradici\u00f3n ourens\u00e1, na que as persoas maiores gozan recordando a nenez.<\/p>\n\n\n\n<p>Neste caso, a base realizouna un familiar dunha usuaria do centro de d\u00eda con tradici\u00f3n e afecci\u00f3n na carpinter\u00eda, que posteriormente foi recuberto polas persoas usuarias de centro de d\u00eda e vivenda comunitaria con arpillera e adornado con materiais reciclados: musgo, flores, c\u00e1scaras de ovos, carrabouxos, laranxas, follas, herbas arom\u00e1ticas\u2026.<\/p>\n\n\n\n<p>Desta celebraci\u00f3n tam\u00e9n gozaron os nenos da escola infantil de Vilar de Santos facendo achegas de adornos reciclados.<\/p>\n\n\n\n<p>A tradici\u00f3n especifica que as persoas que acompa\u00f1an ao &#8220;Maio&#8221; cantan as s\u00faas coplas ao redor con ritmo e m\u00fasica antiga, satirizando costumes e sucesos que acontecen \u00e1 poboaci\u00f3n.<\/p>\n\n\n\n<p>No centro de Maiores de Vilar de Santos quixemos recordar esta tradici\u00f3n tan arraigada e gozar da natureza representada nunha explosi\u00f3n de cores.<\/p>\n\n\n\n<div class=\"wp-block-group\"><div class=\"wp-block-group__inner-container\">\n<figure class=\"wp-block-gallery columns-3 is-cropped\"><ul class=\"blocks-gallery-grid\"><li class=\"blocks-gallery-item\"><figure><img loading=\"lazy\" width=\"768\" height=\"1024\" src=\"https:\/\/ocentrodedianacasa.igualdadebenestar.org\/wp-content\/uploads\/2022\/05\/PHOTO-2022-05-24-15-27-22.jpg\" alt=\"\" data-id=\"3249\" data-full-url=\"https:\/\/ocentrodedianacasa.igualdadebenestar.org\/wp-content\/uploads\/2022\/05\/PHOTO-2022-05-24-15-27-22.jpg\" data-link=\"https:\/\/ocentrodedianacasa.igualdadebenestar.org\/?attachment_id=3249\" class=\"wp-image-3249\" srcset=\"https:\/\/ocentrodedianacasa.igualdadebenestar.org\/wp-content\/uploads\/2022\/05\/PHOTO-2022-05-24-15-27-22.jpg 768w, https:\/\/ocentrodedianacasa.igualdadebenestar.org\/wp-content\/uploads\/2022\/05\/PHOTO-2022-05-24-15-27-22-225x300.jpg 225w\" sizes=\"(max-width: 768px) 100vw, 768px\" \/><\/figure><\/li><li class=\"blocks-gallery-item\"><figure><img loading=\"lazy\" width=\"640\" height=\"480\" src=\"https:\/\/ocentrodedianacasa.igualdadebenestar.org\/wp-content\/uploads\/2022\/05\/IMG_8810.jpg\" alt=\"\" data-id=\"3254\" data-full-url=\"https:\/\/ocentrodedianacasa.igualdadebenestar.org\/wp-content\/uploads\/2022\/05\/IMG_8810.jpg\" data-link=\"https:\/\/ocentrodedianacasa.igualdadebenestar.org\/?attachment_id=3254\" class=\"wp-image-3254\" srcset=\"https:\/\/ocentrodedianacasa.igualdadebenestar.org\/wp-content\/uploads\/2022\/05\/IMG_8810.jpg 640w, https:\/\/ocentrodedianacasa.igualdadebenestar.org\/wp-content\/uploads\/2022\/05\/IMG_8810-300x225.jpg 300w\" sizes=\"(max-width: 640px) 100vw, 640px\" \/><\/figure><\/li><li class=\"blocks-gallery-item\"><figure><img loading=\"lazy\" width=\"640\" height=\"480\" src=\"https:\/\/ocentrodedianacasa.igualdadebenestar.org\/wp-content\/uploads\/2022\/05\/IMG_8892.jpg\" alt=\"\" data-id=\"3252\" data-full-url=\"https:\/\/ocentrodedianacasa.igualdadebenestar.org\/wp-content\/uploads\/2022\/05\/IMG_8892.jpg\" data-link=\"https:\/\/ocentrodedianacasa.igualdadebenestar.org\/?attachment_id=3252\" class=\"wp-image-3252\" srcset=\"https:\/\/ocentrodedianacasa.igualdadebenestar.org\/wp-content\/uploads\/2022\/05\/IMG_8892.jpg 640w, https:\/\/ocentrodedianacasa.igualdadebenestar.org\/wp-content\/uploads\/2022\/05\/IMG_8892-300x225.jpg 300w\" sizes=\"(max-width: 640px) 100vw, 640px\" \/><\/figure><\/li><li class=\"blocks-gallery-item\"><figure><img loading=\"lazy\" width=\"768\" height=\"1024\" src=\"https:\/\/ocentrodedianacasa.igualdadebenestar.org\/wp-content\/uploads\/2022\/05\/IMG_8900-768x1024.jpg\" alt=\"\" data-id=\"3251\" data-full-url=\"https:\/\/ocentrodedianacasa.igualdadebenestar.org\/wp-content\/uploads\/2022\/05\/IMG_8900-rotated.jpg\" data-link=\"https:\/\/ocentrodedianacasa.igualdadebenestar.org\/?attachment_id=3251\" class=\"wp-image-3251\" srcset=\"https:\/\/ocentrodedianacasa.igualdadebenestar.org\/wp-content\/uploads\/2022\/05\/IMG_8900-768x1024.jpg 768w, https:\/\/ocentrodedianacasa.igualdadebenestar.org\/wp-content\/uploads\/2022\/05\/IMG_8900-225x300.jpg 225w, https:\/\/ocentrodedianacasa.igualdadebenestar.org\/wp-content\/uploads\/2022\/05\/IMG_8900-1152x1536.jpg 1152w, https:\/\/ocentrodedianacasa.igualdadebenestar.org\/wp-content\/uploads\/2022\/05\/IMG_8900-rotated.jpg 1512w\" sizes=\"(max-width: 768px) 100vw, 768px\" \/><\/figure><\/li><li class=\"blocks-gallery-item\"><figure><img loading=\"lazy\" width=\"768\" height=\"1024\" src=\"https:\/\/ocentrodedianacasa.igualdadebenestar.org\/wp-content\/uploads\/2022\/05\/IMG_8909-768x1024.jpg\" alt=\"\" data-id=\"3250\" data-full-url=\"https:\/\/ocentrodedianacasa.igualdadebenestar.org\/wp-content\/uploads\/2022\/05\/IMG_8909-rotated.jpg\" data-link=\"https:\/\/ocentrodedianacasa.igualdadebenestar.org\/?attachment_id=3250\" class=\"wp-image-3250\" srcset=\"https:\/\/ocentrodedianacasa.igualdadebenestar.org\/wp-content\/uploads\/2022\/05\/IMG_8909-768x1024.jpg 768w, https:\/\/ocentrodedianacasa.igualdadebenestar.org\/wp-content\/uploads\/2022\/05\/IMG_8909-225x300.jpg 225w, https:\/\/ocentrodedianacasa.igualdadebenestar.org\/wp-content\/uploads\/2022\/05\/IMG_8909-1152x1536.jpg 1152w, https:\/\/ocentrodedianacasa.igualdadebenestar.org\/wp-content\/uploads\/2022\/05\/IMG_8909-rotated.jpg 1512w\" sizes=\"(max-width: 768px) 100vw, 768px\" \/><\/figure><\/li><li class=\"blocks-gallery-item\"><figure><img loading=\"lazy\" width=\"480\" height=\"640\" src=\"https:\/\/ocentrodedianacasa.igualdadebenestar.org\/wp-content\/uploads\/2022\/05\/PHOTO-2022-05-24-15-27-25.jpg\" alt=\"\" data-id=\"3248\" data-full-url=\"https:\/\/ocentrodedianacasa.igualdadebenestar.org\/wp-content\/uploads\/2022\/05\/PHOTO-2022-05-24-15-27-25.jpg\" data-link=\"https:\/\/ocentrodedianacasa.igualdadebenestar.org\/?attachment_id=3248\" class=\"wp-image-3248\" srcset=\"https:\/\/ocentrodedianacasa.igualdadebenestar.org\/wp-content\/uploads\/2022\/05\/PHOTO-2022-05-24-15-27-25.jpg 480w, https:\/\/ocentrodedianacasa.igualdadebenestar.org\/wp-content\/uploads\/2022\/05\/PHOTO-2022-05-24-15-27-25-225x300.jpg 225w\" sizes=\"(max-width: 480px) 100vw, 480px\" \/><\/figure><\/li><\/ul><\/figure>\n<\/div><\/div>\n ","protected":false},"excerpt":{"rendered":"<p>Os Maios \u00e9 unha festa antropol\u00f3xica, festa pag\u00e1 coa que se celebra o fin do inverno e a chegada da primavera, prohibida nos primeiros anos do cristianismo. Festa con tradici\u00f3n <a class=\"more-link\" href=\"https:\/\/ocentrodedianacasa.igualdadebenestar.org\/?p=3247\">Continue Reading &rarr;<\/a><\/p>\n","protected":false},"author":3,"featured_media":0,"comment_status":"open","ping_status":"open","sticky":false,"template":"","format":"standard","meta":[],"categories":[20],"tags":[],"post_mailing_queue_ids":[],"_links":{"self":[{"href":"https:\/\/ocentrodedianacasa.igualdadebenestar.org\/index.php?rest_route=\/wp\/v2\/posts\/3247"}],"collection":[{"href":"https:\/\/ocentrodedianacasa.igualdadebenestar.org\/index.php?rest_route=\/wp\/v2\/posts"}],"about":[{"href":"https:\/\/ocentrodedianacasa.igualdadebenestar.org\/index.php?rest_route=\/wp\/v2\/types\/post"}],"author":[{"embeddable":true,"href":"https:\/\/ocentrodedianacasa.igualdadebenestar.org\/index.php?rest_route=\/wp\/v2\/users\/3"}],"replies":[{"embeddable":true,"href":"https:\/\/ocentrodedianacasa.igualdadebenestar.org\/index.php?rest_route=%2Fwp%2Fv2%2Fcomments&post=3247"}],"version-history":[{"count":1,"href":"https:\/\/ocentrodedianacasa.igualdadebenestar.org\/index.php?rest_route=\/wp\/v2\/posts\/3247\/revisions"}],"predecessor-version":[{"id":3255,"href":"https:\/\/ocentrodedianacasa.igualdadebenestar.org\/index.php?rest_route=\/wp\/v2\/posts\/3247\/revisions\/3255"}],"wp:attachment":[{"href":"https:\/\/ocentrodedianacasa.igualdadebenestar.org\/index.php?rest_route=%2Fwp%2Fv2%2Fmedia&parent=3247"}],"wp:term":[{"taxonomy":"category","embeddable":true,"href":"https:\/\/ocentrodedianacasa.igualdadebenestar.org\/index.php?rest_route=%2Fwp%2Fv2%2Fcategories&post=3247"},{"taxonomy":"post_tag","embeddable":true,"href":"https:\/\/ocentrodedianacasa.igualdadebenestar.org\/index.php?rest_route=%2Fwp%2Fv2%2Ftags&post=3247"}],"curies":[{"name":"wp","href":"https:\/\/api.w.org\/{rel}","templated":true}]}}