{"id":3212,"date":"2022-05-20T12:38:36","date_gmt":"2022-05-20T10:38:36","guid":{"rendered":"https:\/\/ocentrodedianacasa.igualdadebenestar.org\/?p=3212"},"modified":"2022-05-26T10:46:57","modified_gmt":"2022-05-26T08:46:57","slug":"concurso-floral-dende-o-capm-de-arteixo","status":"publish","type":"post","link":"https:\/\/ocentrodedianacasa.igualdadebenestar.org\/?p=3212","title":{"rendered":"Concurso floral dende o CAPM de Arteixo"},"content":{"rendered":"\n<p class=\"has-large-font-size\"><strong>Concurso floral dende o CAPM de Arteixo<\/strong><\/p>\n\n\n\n<p>Arteixo recupera este ano a tradicional Festa das Flores paralizada nos \u00faltimos anos a causa da pandemia da COVID.<br>Este ano a festa volve a celebrarse na s\u00faa data habitual de celebraci\u00f3n, o \u00faltimo fin de semana do mes de maio, s\u00e1bado 28 e domingo 29.<\/p>\n\n\n\n<p>Para festaxala dende o CAPM de Arteixo  promove a realizaci\u00f3n do I Concurso Da Festa das Flores para conmemorar unha data tan sinalada no noso concello. Para iso, proponse a realizaci\u00f3n dun maio para que participen os centros da Rede de Centros do Consorcio Galego de Igualdade e Benestar, utilizando como tem\u00e1tica as flores.<\/p>\n\n\n\n<p>A continuaci\u00f3n podedes ver as bases do concurso.<\/p>\n\n\n\n<p>Anim\u00e1devos a participar!!!<\/p>\n\n\n<a href=\"https:\/\/ocentrodedianacasa.igualdadebenestar.org\/wp-content\/uploads\/2022\/05\/CONCURSO-FESTA-DAS-FLORES.pdf\" class=\"pdfemb-viewer\" style=\"\" data-width=\"max\" data-height=\"max\"  data-toolbar=\"bottom\" data-toolbar-fixed=\"on\">CONCURSO-FESTA-DAS-FLORES<br\/><\/a>\n<p class=\"wp-block-pdfemb-pdf-embedder-viewer\"><\/p>\n\n\n\n<p><\/p>\n\n\n\n<p><br><\/p>\n ","protected":false},"excerpt":{"rendered":"<p>Concurso floral dende o CAPM de Arteixo Arteixo recupera este ano a tradicional Festa das Flores paralizada nos \u00faltimos anos a causa da pandemia da COVID.Este ano a festa volve <a class=\"more-link\" href=\"https:\/\/ocentrodedianacasa.igualdadebenestar.org\/?p=3212\">Continue Reading &rarr;<\/a><\/p>\n","protected":false},"author":5,"featured_media":0,"comment_status":"open","ping_status":"open","sticky":false,"template":"","format":"aside","meta":[],"categories":[66],"tags":[],"post_mailing_queue_ids":[],"_links":{"self":[{"href":"https:\/\/ocentrodedianacasa.igualdadebenestar.org\/index.php?rest_route=\/wp\/v2\/posts\/3212"}],"collection":[{"href":"https:\/\/ocentrodedianacasa.igualdadebenestar.org\/index.php?rest_route=\/wp\/v2\/posts"}],"about":[{"href":"https:\/\/ocentrodedianacasa.igualdadebenestar.org\/index.php?rest_route=\/wp\/v2\/types\/post"}],"author":[{"embeddable":true,"href":"https:\/\/ocentrodedianacasa.igualdadebenestar.org\/index.php?rest_route=\/wp\/v2\/users\/5"}],"replies":[{"embeddable":true,"href":"https:\/\/ocentrodedianacasa.igualdadebenestar.org\/index.php?rest_route=%2Fwp%2Fv2%2Fcomments&post=3212"}],"version-history":[{"count":4,"href":"https:\/\/ocentrodedianacasa.igualdadebenestar.org\/index.php?rest_route=\/wp\/v2\/posts\/3212\/revisions"}],"predecessor-version":[{"id":3259,"href":"https:\/\/ocentrodedianacasa.igualdadebenestar.org\/index.php?rest_route=\/wp\/v2\/posts\/3212\/revisions\/3259"}],"wp:attachment":[{"href":"https:\/\/ocentrodedianacasa.igualdadebenestar.org\/index.php?rest_route=%2Fwp%2Fv2%2Fmedia&parent=3212"}],"wp:term":[{"taxonomy":"category","embeddable":true,"href":"https:\/\/ocentrodedianacasa.igualdadebenestar.org\/index.php?rest_route=%2Fwp%2Fv2%2Fcategories&post=3212"},{"taxonomy":"post_tag","embeddable":true,"href":"https:\/\/ocentrodedianacasa.igualdadebenestar.org\/index.php?rest_route=%2Fwp%2Fv2%2Ftags&post=3212"}],"curies":[{"name":"wp","href":"https:\/\/api.w.org\/{rel}","templated":true}]}}