{"id":3204,"date":"2022-05-27T08:01:00","date_gmt":"2022-05-27T06:01:00","guid":{"rendered":"https:\/\/ocentrodedianacasa.igualdadebenestar.org\/?p=3204"},"modified":"2022-05-20T11:30:33","modified_gmt":"2022-05-20T09:30:33","slug":"as-persoas-usuarias-do-capm-de-cospeito-acuden-a-exposicion-a-memoria-do-son-en-vilalba","status":"publish","type":"post","link":"https:\/\/ocentrodedianacasa.igualdadebenestar.org\/?p=3204","title":{"rendered":"As persoas usuarias do CAPM de Cospeito acuden \u00e1 exposici\u00f3n &#8220;A memoria do son&#8221; en Vilalba"},"content":{"rendered":"\n<p>Persoas usuarias do centro de d\u00eda de Cospeito visitaron o m\u00e9rcores 18 de maio a exposici\u00f3n \u201cA memoria do son\u201d, ubicada no auditorio de Vilalba, para conmemorar o d\u00eda internacional do museo, que se celebra o propio 18 de maio.<\/p>\n\n\n\n<p>Nesta exposici\u00f3n puidemos ver r\u00e9plicas de varios instrumentos musicais datados entre os s\u00e9culos X e XIII, como a viola de brazo, a xiga ou o organistro, e mesmo puidemos tocar o salterio! De todos os instrumentos que vimos, puidemos escoitar melod\u00edas interpretadas con eles, eran uns sons moi fermosos.<\/p>\n\n\n\n<p>Unha vez rematada a visita \u00e1 exposici\u00f3n, despraz\u00e1monos ata a \u00e1rea recreativa a Magdalena onde puidemos desfrutar dun xantar campestre e dun paseo \u00e1 veira da praia fluvial. Desfrutamos enormemente deste d\u00eda e esperamos poder repetir axi\u00f1a este tipo de actividade!<\/p>\n\n\n\n<figure class=\"wp-block-image size-large\"><img loading=\"lazy\" width=\"1024\" height=\"768\" src=\"https:\/\/ocentrodedianacasa.igualdadebenestar.org\/wp-content\/uploads\/2022\/05\/WhatsApp-Image-2022-05-18-at-3.39.37-PM.jpeg\" alt=\"\" class=\"wp-image-3205\" srcset=\"https:\/\/ocentrodedianacasa.igualdadebenestar.org\/wp-content\/uploads\/2022\/05\/WhatsApp-Image-2022-05-18-at-3.39.37-PM.jpeg 1024w, https:\/\/ocentrodedianacasa.igualdadebenestar.org\/wp-content\/uploads\/2022\/05\/WhatsApp-Image-2022-05-18-at-3.39.37-PM-300x225.jpeg 300w, https:\/\/ocentrodedianacasa.igualdadebenestar.org\/wp-content\/uploads\/2022\/05\/WhatsApp-Image-2022-05-18-at-3.39.37-PM-768x576.jpeg 768w\" sizes=\"(max-width: 1024px) 100vw, 1024px\" \/><\/figure>\n\n\n\n<figure class=\"wp-block-image size-large\"><img loading=\"lazy\" width=\"1024\" height=\"768\" src=\"https:\/\/ocentrodedianacasa.igualdadebenestar.org\/wp-content\/uploads\/2022\/05\/WhatsApp-Image-2022-05-18-at-4.32.18-PM-1-1024x768.jpeg\" alt=\"\" class=\"wp-image-3206\" srcset=\"https:\/\/ocentrodedianacasa.igualdadebenestar.org\/wp-content\/uploads\/2022\/05\/WhatsApp-Image-2022-05-18-at-4.32.18-PM-1-1024x768.jpeg 1024w, https:\/\/ocentrodedianacasa.igualdadebenestar.org\/wp-content\/uploads\/2022\/05\/WhatsApp-Image-2022-05-18-at-4.32.18-PM-1-300x225.jpeg 300w, https:\/\/ocentrodedianacasa.igualdadebenestar.org\/wp-content\/uploads\/2022\/05\/WhatsApp-Image-2022-05-18-at-4.32.18-PM-1-768x576.jpeg 768w, https:\/\/ocentrodedianacasa.igualdadebenestar.org\/wp-content\/uploads\/2022\/05\/WhatsApp-Image-2022-05-18-at-4.32.18-PM-1-1536x1152.jpeg 1536w, https:\/\/ocentrodedianacasa.igualdadebenestar.org\/wp-content\/uploads\/2022\/05\/WhatsApp-Image-2022-05-18-at-4.32.18-PM-1.jpeg 1600w\" sizes=\"(max-width: 1024px) 100vw, 1024px\" \/><\/figure>\n\n\n\n<figure class=\"wp-block-image size-large\"><img loading=\"lazy\" width=\"1024\" height=\"768\" src=\"https:\/\/ocentrodedianacasa.igualdadebenestar.org\/wp-content\/uploads\/2022\/05\/WhatsApp-Image-2022-05-18-at-4.32.25-PM-3-1024x768.jpeg\" alt=\"\" class=\"wp-image-3207\" srcset=\"https:\/\/ocentrodedianacasa.igualdadebenestar.org\/wp-content\/uploads\/2022\/05\/WhatsApp-Image-2022-05-18-at-4.32.25-PM-3-1024x768.jpeg 1024w, https:\/\/ocentrodedianacasa.igualdadebenestar.org\/wp-content\/uploads\/2022\/05\/WhatsApp-Image-2022-05-18-at-4.32.25-PM-3-300x225.jpeg 300w, https:\/\/ocentrodedianacasa.igualdadebenestar.org\/wp-content\/uploads\/2022\/05\/WhatsApp-Image-2022-05-18-at-4.32.25-PM-3-768x576.jpeg 768w, https:\/\/ocentrodedianacasa.igualdadebenestar.org\/wp-content\/uploads\/2022\/05\/WhatsApp-Image-2022-05-18-at-4.32.25-PM-3-1536x1152.jpeg 1536w, https:\/\/ocentrodedianacasa.igualdadebenestar.org\/wp-content\/uploads\/2022\/05\/WhatsApp-Image-2022-05-18-at-4.32.25-PM-3.jpeg 1600w\" sizes=\"(max-width: 1024px) 100vw, 1024px\" \/><\/figure>\n\n\n\n<figure class=\"wp-block-image size-large\"><img loading=\"lazy\" width=\"1024\" height=\"768\" src=\"https:\/\/ocentrodedianacasa.igualdadebenestar.org\/wp-content\/uploads\/2022\/05\/WhatsApp-Image-2022-05-18-at-4.32.32-PM-1-1024x768.jpeg\" alt=\"\" class=\"wp-image-3208\" srcset=\"https:\/\/ocentrodedianacasa.igualdadebenestar.org\/wp-content\/uploads\/2022\/05\/WhatsApp-Image-2022-05-18-at-4.32.32-PM-1-1024x768.jpeg 1024w, https:\/\/ocentrodedianacasa.igualdadebenestar.org\/wp-content\/uploads\/2022\/05\/WhatsApp-Image-2022-05-18-at-4.32.32-PM-1-300x225.jpeg 300w, https:\/\/ocentrodedianacasa.igualdadebenestar.org\/wp-content\/uploads\/2022\/05\/WhatsApp-Image-2022-05-18-at-4.32.32-PM-1-768x576.jpeg 768w, https:\/\/ocentrodedianacasa.igualdadebenestar.org\/wp-content\/uploads\/2022\/05\/WhatsApp-Image-2022-05-18-at-4.32.32-PM-1-1536x1152.jpeg 1536w, https:\/\/ocentrodedianacasa.igualdadebenestar.org\/wp-content\/uploads\/2022\/05\/WhatsApp-Image-2022-05-18-at-4.32.32-PM-1.jpeg 1600w\" sizes=\"(max-width: 1024px) 100vw, 1024px\" \/><\/figure>\n ","protected":false},"excerpt":{"rendered":"<p>Persoas usuarias do centro de d\u00eda de Cospeito visitaron o m\u00e9rcores 18 de maio a exposici\u00f3n \u201cA memoria do son\u201d, ubicada no auditorio de Vilalba, para conmemorar o d\u00eda internacional <a class=\"more-link\" href=\"https:\/\/ocentrodedianacasa.igualdadebenestar.org\/?p=3204\">Continue Reading &rarr;<\/a><\/p>\n","protected":false},"author":5,"featured_media":0,"comment_status":"open","ping_status":"open","sticky":false,"template":"","format":"standard","meta":[],"categories":[44,66],"tags":[],"post_mailing_queue_ids":[],"_links":{"self":[{"href":"https:\/\/ocentrodedianacasa.igualdadebenestar.org\/index.php?rest_route=\/wp\/v2\/posts\/3204"}],"collection":[{"href":"https:\/\/ocentrodedianacasa.igualdadebenestar.org\/index.php?rest_route=\/wp\/v2\/posts"}],"about":[{"href":"https:\/\/ocentrodedianacasa.igualdadebenestar.org\/index.php?rest_route=\/wp\/v2\/types\/post"}],"author":[{"embeddable":true,"href":"https:\/\/ocentrodedianacasa.igualdadebenestar.org\/index.php?rest_route=\/wp\/v2\/users\/5"}],"replies":[{"embeddable":true,"href":"https:\/\/ocentrodedianacasa.igualdadebenestar.org\/index.php?rest_route=%2Fwp%2Fv2%2Fcomments&post=3204"}],"version-history":[{"count":1,"href":"https:\/\/ocentrodedianacasa.igualdadebenestar.org\/index.php?rest_route=\/wp\/v2\/posts\/3204\/revisions"}],"predecessor-version":[{"id":3209,"href":"https:\/\/ocentrodedianacasa.igualdadebenestar.org\/index.php?rest_route=\/wp\/v2\/posts\/3204\/revisions\/3209"}],"wp:attachment":[{"href":"https:\/\/ocentrodedianacasa.igualdadebenestar.org\/index.php?rest_route=%2Fwp%2Fv2%2Fmedia&parent=3204"}],"wp:term":[{"taxonomy":"category","embeddable":true,"href":"https:\/\/ocentrodedianacasa.igualdadebenestar.org\/index.php?rest_route=%2Fwp%2Fv2%2Fcategories&post=3204"},{"taxonomy":"post_tag","embeddable":true,"href":"https:\/\/ocentrodedianacasa.igualdadebenestar.org\/index.php?rest_route=%2Fwp%2Fv2%2Ftags&post=3204"}],"curies":[{"name":"wp","href":"https:\/\/api.w.org\/{rel}","templated":true}]}}