{"id":3200,"date":"2022-05-27T08:00:00","date_gmt":"2022-05-27T06:00:00","guid":{"rendered":"https:\/\/ocentrodedianacasa.igualdadebenestar.org\/?p=3200"},"modified":"2022-05-20T11:24:54","modified_gmt":"2022-05-20T09:24:54","slug":"festexan-o-dia-das-letras-galegas-no-capm-de-cospeito-coa-visita-do-alumnado-do-cpi-virxe-do-monte","status":"publish","type":"post","link":"https:\/\/ocentrodedianacasa.igualdadebenestar.org\/?p=3200","title":{"rendered":"Festexan o D\u00eda Das Letras Galegas no CAPM de Cospeito coa visita do alumnado do CPI Virxe do Monte"},"content":{"rendered":"\n<p>O venres 13 de maio o alumnado de 1\u00ba da ESO do colexio CPI Virxe do Monte acudiu ao centro de d\u00eda de Cospeito para falarnos de Florencio Delgado Gurriar\u00e1n, o autor homenaxeado este 2022 nas Letras Galegas.<\/p>\n\n\n\n<p>Foi unha ma\u00f1\u00e1 moi amena, na cal nos explicaron a vida e obra do autor e nos recitaron varios dos seus poemas, para seguidamente realizar un coloquio coas persoas usuarias sobre a informaci\u00f3n exposta e relacion\u00e1ndoo coas s\u00faas experiencias vitais: Se tiveron que emigrar, como foi a s\u00faa vida durante o franquismo, a que se dedicaron&#8230; finalmente rematamos a xornada cun momento de esparcimento no que compartimos unha charla informal e uns doces para festexar xuntos.<\/p>\n\n\n\n<p>Sempre \u00e9 un pracer recibir as visitas dos m\u00e1is novos, esperamos volver a telos axi\u00f1a de visita!<\/p>\n\n\n\n<figure class=\"wp-block-image size-large\"><img loading=\"lazy\" width=\"1024\" height=\"768\" src=\"https:\/\/ocentrodedianacasa.igualdadebenestar.org\/wp-content\/uploads\/2022\/05\/WhatsApp-Image-2022-05-13-at-12.40.25-PM.jpeg\" alt=\"\" class=\"wp-image-3201\" srcset=\"https:\/\/ocentrodedianacasa.igualdadebenestar.org\/wp-content\/uploads\/2022\/05\/WhatsApp-Image-2022-05-13-at-12.40.25-PM.jpeg 1024w, https:\/\/ocentrodedianacasa.igualdadebenestar.org\/wp-content\/uploads\/2022\/05\/WhatsApp-Image-2022-05-13-at-12.40.25-PM-300x225.jpeg 300w, https:\/\/ocentrodedianacasa.igualdadebenestar.org\/wp-content\/uploads\/2022\/05\/WhatsApp-Image-2022-05-13-at-12.40.25-PM-768x576.jpeg 768w\" sizes=\"(max-width: 1024px) 100vw, 1024px\" \/><\/figure>\n\n\n\n<figure class=\"wp-block-image size-large\"><img loading=\"lazy\" width=\"1024\" height=\"768\" src=\"https:\/\/ocentrodedianacasa.igualdadebenestar.org\/wp-content\/uploads\/2022\/05\/WhatsApp-Image-2022-05-13-at-12.57.23-PM-2-1024x768.jpeg\" alt=\"\" class=\"wp-image-3202\" srcset=\"https:\/\/ocentrodedianacasa.igualdadebenestar.org\/wp-content\/uploads\/2022\/05\/WhatsApp-Image-2022-05-13-at-12.57.23-PM-2-1024x768.jpeg 1024w, https:\/\/ocentrodedianacasa.igualdadebenestar.org\/wp-content\/uploads\/2022\/05\/WhatsApp-Image-2022-05-13-at-12.57.23-PM-2-300x225.jpeg 300w, https:\/\/ocentrodedianacasa.igualdadebenestar.org\/wp-content\/uploads\/2022\/05\/WhatsApp-Image-2022-05-13-at-12.57.23-PM-2-768x576.jpeg 768w, https:\/\/ocentrodedianacasa.igualdadebenestar.org\/wp-content\/uploads\/2022\/05\/WhatsApp-Image-2022-05-13-at-12.57.23-PM-2-1536x1152.jpeg 1536w, https:\/\/ocentrodedianacasa.igualdadebenestar.org\/wp-content\/uploads\/2022\/05\/WhatsApp-Image-2022-05-13-at-12.57.23-PM-2.jpeg 1600w\" sizes=\"(max-width: 1024px) 100vw, 1024px\" \/><\/figure>\n ","protected":false},"excerpt":{"rendered":"<p>O venres 13 de maio o alumnado de 1\u00ba da ESO do colexio CPI Virxe do Monte acudiu ao centro de d\u00eda de Cospeito para falarnos de Florencio Delgado Gurriar\u00e1n, <a class=\"more-link\" href=\"https:\/\/ocentrodedianacasa.igualdadebenestar.org\/?p=3200\">Continue Reading &rarr;<\/a><\/p>\n","protected":false},"author":5,"featured_media":0,"comment_status":"open","ping_status":"open","sticky":false,"template":"","format":"standard","meta":[],"categories":[44],"tags":[],"post_mailing_queue_ids":[],"_links":{"self":[{"href":"https:\/\/ocentrodedianacasa.igualdadebenestar.org\/index.php?rest_route=\/wp\/v2\/posts\/3200"}],"collection":[{"href":"https:\/\/ocentrodedianacasa.igualdadebenestar.org\/index.php?rest_route=\/wp\/v2\/posts"}],"about":[{"href":"https:\/\/ocentrodedianacasa.igualdadebenestar.org\/index.php?rest_route=\/wp\/v2\/types\/post"}],"author":[{"embeddable":true,"href":"https:\/\/ocentrodedianacasa.igualdadebenestar.org\/index.php?rest_route=\/wp\/v2\/users\/5"}],"replies":[{"embeddable":true,"href":"https:\/\/ocentrodedianacasa.igualdadebenestar.org\/index.php?rest_route=%2Fwp%2Fv2%2Fcomments&post=3200"}],"version-history":[{"count":1,"href":"https:\/\/ocentrodedianacasa.igualdadebenestar.org\/index.php?rest_route=\/wp\/v2\/posts\/3200\/revisions"}],"predecessor-version":[{"id":3203,"href":"https:\/\/ocentrodedianacasa.igualdadebenestar.org\/index.php?rest_route=\/wp\/v2\/posts\/3200\/revisions\/3203"}],"wp:attachment":[{"href":"https:\/\/ocentrodedianacasa.igualdadebenestar.org\/index.php?rest_route=%2Fwp%2Fv2%2Fmedia&parent=3200"}],"wp:term":[{"taxonomy":"category","embeddable":true,"href":"https:\/\/ocentrodedianacasa.igualdadebenestar.org\/index.php?rest_route=%2Fwp%2Fv2%2Fcategories&post=3200"},{"taxonomy":"post_tag","embeddable":true,"href":"https:\/\/ocentrodedianacasa.igualdadebenestar.org\/index.php?rest_route=%2Fwp%2Fv2%2Ftags&post=3200"}],"curies":[{"name":"wp","href":"https:\/\/api.w.org\/{rel}","templated":true}]}}