{"id":3156,"date":"2022-04-29T08:08:00","date_gmt":"2022-04-29T06:08:00","guid":{"rendered":"https:\/\/ocentrodedianacasa.igualdadebenestar.org\/?p=3156"},"modified":"2022-04-25T15:21:37","modified_gmt":"2022-04-25T13:21:37","slug":"o-centro-de-ferrol-caranza-propon-un-concurso-de-relatos-curtos-sobre-tradicions-galegas","status":"publish","type":"post","link":"https:\/\/ocentrodedianacasa.igualdadebenestar.org\/?p=3156","title":{"rendered":"O CENTRO DE FERROL-CARANZA PROP\u00d3N UN CONCURSO DE RELATOS CURTOS SOBRE TRADICI\u00d3NS GALEGAS"},"content":{"rendered":"\n<p>Co gallo da celebraci\u00f3n do D\u00eda das Letras Galegas o centro de d\u00eda Ferrol-Caranza convoca un concurso de microrelatos para homenaxear ao poeta Don Florencio Delgado Gurriar\u00e1n. <\/p>\n\n\n\n<p>Avogado de formaci\u00f3n, Delgado Gurriar\u00e1n tocou todos os paus literarios que lle foron posibles: foi poeta, articulista, traductor de poes\u00eda interlingu\u00edstica e editor. \u00c9 preciso salientar o seu activismo cultural. A Real Academa Galega rinde as\u00ed homenaxe \u201d por primeira vez \u201c aos galegos desterrados por causas pol\u00edticas no pa\u00eds americano.<br>Con este concurso as persoas usuarias dos centros de d\u00eda poden demostrar a s\u00faa capacidade para redactar en lingua galega as\u00ed como exercitar a s\u00faa imaxinaci\u00f3n e memoria.<br>A tem\u00e1tica ser\u00e1n as tradici\u00f3ns galegas.<\/p>\n\n\n\n<p>Aqu\u00ed vos deixamos as bases do concurso para quen queira participar. <\/p>\n\n\n\n<p>ANIM\u00c1DEVOS!!!!!!<\/p>\n\n\n\n<figure class=\"wp-block-image size-large is-resized\"><img loading=\"lazy\" src=\"https:\/\/ocentrodedianacasa.igualdadebenestar.org\/wp-content\/uploads\/2022\/04\/concurso_relatos-530x1024.jpg\" alt=\"\" class=\"wp-image-3158\" width=\"248\" height=\"480\" srcset=\"https:\/\/ocentrodedianacasa.igualdadebenestar.org\/wp-content\/uploads\/2022\/04\/concurso_relatos-530x1024.jpg 530w, https:\/\/ocentrodedianacasa.igualdadebenestar.org\/wp-content\/uploads\/2022\/04\/concurso_relatos-155x300.jpg 155w, https:\/\/ocentrodedianacasa.igualdadebenestar.org\/wp-content\/uploads\/2022\/04\/concurso_relatos-768x1482.jpg 768w, https:\/\/ocentrodedianacasa.igualdadebenestar.org\/wp-content\/uploads\/2022\/04\/concurso_relatos-796x1536.jpg 796w, https:\/\/ocentrodedianacasa.igualdadebenestar.org\/wp-content\/uploads\/2022\/04\/concurso_relatos-1061x2048.jpg 1061w, https:\/\/ocentrodedianacasa.igualdadebenestar.org\/wp-content\/uploads\/2022\/04\/concurso_relatos-scaled.jpg 1326w\" sizes=\"(max-width: 248px) 100vw, 248px\" \/><\/figure>\n\n\n<a href=\"https:\/\/ocentrodedianacasa.igualdadebenestar.org\/wp-content\/uploads\/2022\/04\/CONCURSO_RELATOS-1-1.pdf\" class=\"pdfemb-viewer\" style=\"\" data-width=\"max\" data-height=\"max\"  data-toolbar=\"bottom\" data-toolbar-fixed=\"on\">CONCURSO_RELATOS-1-1<br\/><\/a>\n<p class=\"wp-block-pdfemb-pdf-embedder-viewer\"><\/p>\n\n\n\n<p><\/p>\n ","protected":false},"excerpt":{"rendered":"<p>Co gallo da celebraci\u00f3n do D\u00eda das Letras Galegas o centro de d\u00eda Ferrol-Caranza convoca un concurso de microrelatos para homenaxear ao poeta Don Florencio Delgado Gurriar\u00e1n. Avogado de formaci\u00f3n, <a class=\"more-link\" href=\"https:\/\/ocentrodedianacasa.igualdadebenestar.org\/?p=3156\">Continue Reading &rarr;<\/a><\/p>\n","protected":false},"author":5,"featured_media":0,"comment_status":"open","ping_status":"open","sticky":false,"template":"","format":"standard","meta":[],"categories":[17],"tags":[],"post_mailing_queue_ids":[],"_links":{"self":[{"href":"https:\/\/ocentrodedianacasa.igualdadebenestar.org\/index.php?rest_route=\/wp\/v2\/posts\/3156"}],"collection":[{"href":"https:\/\/ocentrodedianacasa.igualdadebenestar.org\/index.php?rest_route=\/wp\/v2\/posts"}],"about":[{"href":"https:\/\/ocentrodedianacasa.igualdadebenestar.org\/index.php?rest_route=\/wp\/v2\/types\/post"}],"author":[{"embeddable":true,"href":"https:\/\/ocentrodedianacasa.igualdadebenestar.org\/index.php?rest_route=\/wp\/v2\/users\/5"}],"replies":[{"embeddable":true,"href":"https:\/\/ocentrodedianacasa.igualdadebenestar.org\/index.php?rest_route=%2Fwp%2Fv2%2Fcomments&post=3156"}],"version-history":[{"count":6,"href":"https:\/\/ocentrodedianacasa.igualdadebenestar.org\/index.php?rest_route=\/wp\/v2\/posts\/3156\/revisions"}],"predecessor-version":[{"id":3167,"href":"https:\/\/ocentrodedianacasa.igualdadebenestar.org\/index.php?rest_route=\/wp\/v2\/posts\/3156\/revisions\/3167"}],"wp:attachment":[{"href":"https:\/\/ocentrodedianacasa.igualdadebenestar.org\/index.php?rest_route=%2Fwp%2Fv2%2Fmedia&parent=3156"}],"wp:term":[{"taxonomy":"category","embeddable":true,"href":"https:\/\/ocentrodedianacasa.igualdadebenestar.org\/index.php?rest_route=%2Fwp%2Fv2%2Fcategories&post=3156"},{"taxonomy":"post_tag","embeddable":true,"href":"https:\/\/ocentrodedianacasa.igualdadebenestar.org\/index.php?rest_route=%2Fwp%2Fv2%2Ftags&post=3156"}],"curies":[{"name":"wp","href":"https:\/\/api.w.org\/{rel}","templated":true}]}}