{"id":3114,"date":"2022-04-30T05:17:00","date_gmt":"2022-04-30T03:17:00","guid":{"rendered":"https:\/\/ocentrodedianacasa.igualdadebenestar.org\/?p=3114"},"modified":"2022-04-10T05:29:31","modified_gmt":"2022-04-10T03:29:31","slug":"celebracion-do-dia-dos-bosques-no-centro-de-dia-de-ferrol-caranza","status":"publish","type":"post","link":"https:\/\/ocentrodedianacasa.igualdadebenestar.org\/?p=3114","title":{"rendered":"Celebraci\u00f3n do d\u00eda dos bosques no centro de d\u00eda de Ferrol Caranza"},"content":{"rendered":"\n<p>No ano 2012, a Asamblea Xeral das Naci\u00f3ns Unidas proclamou o 21 de marzo como D\u00eda Internacional dos Bosques. Mediante a s\u00faa celebraci\u00f3n rindese homenaxe a importancia de t\u00f3dolos tipos de bosques e int\u00e9ntase xerar conciencia ao respecto.<\/p>\n\n\n\n<figure class=\"wp-block-image is-resized is-style-rounded\"><img loading=\"lazy\" src=\"https:\/\/ocentrodedianacasa.igualdadebenestar.org\/wp-content\/uploads\/2022\/04\/Dia_bosques_3-527x1024.jpg\" alt=\"\" class=\"wp-image-3115\" width=\"199\" height=\"387\" srcset=\"https:\/\/ocentrodedianacasa.igualdadebenestar.org\/wp-content\/uploads\/2022\/04\/Dia_bosques_3-527x1024.jpg 527w, https:\/\/ocentrodedianacasa.igualdadebenestar.org\/wp-content\/uploads\/2022\/04\/Dia_bosques_3-155x300.jpg 155w, https:\/\/ocentrodedianacasa.igualdadebenestar.org\/wp-content\/uploads\/2022\/04\/Dia_bosques_3-768x1491.jpg 768w, https:\/\/ocentrodedianacasa.igualdadebenestar.org\/wp-content\/uploads\/2022\/04\/Dia_bosques_3-791x1536.jpg 791w, https:\/\/ocentrodedianacasa.igualdadebenestar.org\/wp-content\/uploads\/2022\/04\/Dia_bosques_3.jpg 920w\" sizes=\"(max-width: 199px) 100vw, 199px\" \/><\/figure>\n\n\n\n<p><br>Con esta actividade pret\u00e9ndese concienciar \u00e1s persoas usuarias do centro de d\u00eda Ferrol-Caranza sobre a importancia de conservar o medio ambiente, ademais de mellorar e ampliar as zonas verdes e as\u00ed embelecer o patio interior do centro. Amais nesta ocasi\u00f3n prantouse unha maceira que desexamos que axi\u00f1a nos d\u00e9 maz\u00e1s. Dedicar\u00e9monos a coidar moito a nosa maci\u00f1eira e poder ensinarvos os froitos.<\/p>\n\n\n\n<p><br>Tr\u00e1tase dunha actividade significativa para as persoas usuarias do centro de d\u00eda de Ferrol- Caranza, xa que moitos desenrolaron o rol de traballadores do campo \u00f3 longo da s\u00faa vida.<\/p>\n\n\n\n<figure class=\"wp-block-image\"><img alt=\"\"\/><\/figure>\n ","protected":false},"excerpt":{"rendered":"<p>No ano 2012, a Asamblea Xeral das Naci\u00f3ns Unidas proclamou o 21 de marzo como D\u00eda Internacional dos Bosques. Mediante a s\u00faa celebraci\u00f3n rindese homenaxe a importancia de t\u00f3dolos tipos <a class=\"more-link\" href=\"https:\/\/ocentrodedianacasa.igualdadebenestar.org\/?p=3114\">Continue Reading &rarr;<\/a><\/p>\n","protected":false},"author":3,"featured_media":0,"comment_status":"open","ping_status":"open","sticky":false,"template":"","format":"standard","meta":[],"categories":[44],"tags":[],"post_mailing_queue_ids":[],"_links":{"self":[{"href":"https:\/\/ocentrodedianacasa.igualdadebenestar.org\/index.php?rest_route=\/wp\/v2\/posts\/3114"}],"collection":[{"href":"https:\/\/ocentrodedianacasa.igualdadebenestar.org\/index.php?rest_route=\/wp\/v2\/posts"}],"about":[{"href":"https:\/\/ocentrodedianacasa.igualdadebenestar.org\/index.php?rest_route=\/wp\/v2\/types\/post"}],"author":[{"embeddable":true,"href":"https:\/\/ocentrodedianacasa.igualdadebenestar.org\/index.php?rest_route=\/wp\/v2\/users\/3"}],"replies":[{"embeddable":true,"href":"https:\/\/ocentrodedianacasa.igualdadebenestar.org\/index.php?rest_route=%2Fwp%2Fv2%2Fcomments&post=3114"}],"version-history":[{"count":1,"href":"https:\/\/ocentrodedianacasa.igualdadebenestar.org\/index.php?rest_route=\/wp\/v2\/posts\/3114\/revisions"}],"predecessor-version":[{"id":3116,"href":"https:\/\/ocentrodedianacasa.igualdadebenestar.org\/index.php?rest_route=\/wp\/v2\/posts\/3114\/revisions\/3116"}],"wp:attachment":[{"href":"https:\/\/ocentrodedianacasa.igualdadebenestar.org\/index.php?rest_route=%2Fwp%2Fv2%2Fmedia&parent=3114"}],"wp:term":[{"taxonomy":"category","embeddable":true,"href":"https:\/\/ocentrodedianacasa.igualdadebenestar.org\/index.php?rest_route=%2Fwp%2Fv2%2Fcategories&post=3114"},{"taxonomy":"post_tag","embeddable":true,"href":"https:\/\/ocentrodedianacasa.igualdadebenestar.org\/index.php?rest_route=%2Fwp%2Fv2%2Ftags&post=3114"}],"curies":[{"name":"wp","href":"https:\/\/api.w.org\/{rel}","templated":true}]}}