{"id":3046,"date":"2022-04-04T09:50:36","date_gmt":"2022-04-04T07:50:36","guid":{"rendered":"https:\/\/ocentrodedianacasa.igualdadebenestar.org\/?p=3046"},"modified":"2022-04-04T09:52:29","modified_gmt":"2022-04-04T07:52:29","slug":"concurso-artelixo","status":"publish","type":"post","link":"https:\/\/ocentrodedianacasa.igualdadebenestar.org\/?p=3046","title":{"rendered":"CONCURSO ARTELIXO"},"content":{"rendered":"\n<h2><strong>CONCURSO ARTELIXO<\/strong><\/h2>\n\n\n\n<p>Dende o CAPM de Redondela queremos convidarvos a participar na actividade do Artelixo. Este \u00e9 un movemento que nace no ano 1995 en Redondela, como protesta a un vertedoiro de lixo situado preto da feira do gando, no centro da vila. Continuou coa s\u00faa actividade reivindicativa at\u00e9 o ano 1999. Xa en 2012, retoman o certame recuperando o esp\u00edrito reivindicativo que deu vida ao evento nos anos 90 para loitar contra os problemas actuais: lixo pol\u00edtico, econ\u00f3mico e social.<\/p>\n\n\n\n<figure class=\"wp-block-image size-large is-resized is-style-rounded\"><img loading=\"lazy\" src=\"https:\/\/ocentrodedianacasa.igualdadebenestar.org\/wp-content\/uploads\/2022\/04\/OBRA-ARTELIXO-REDONDELA-1024x893.jpg\" alt=\"\" class=\"wp-image-3047\" width=\"277\" height=\"241\" srcset=\"https:\/\/ocentrodedianacasa.igualdadebenestar.org\/wp-content\/uploads\/2022\/04\/OBRA-ARTELIXO-REDONDELA-1024x893.jpg 1024w, https:\/\/ocentrodedianacasa.igualdadebenestar.org\/wp-content\/uploads\/2022\/04\/OBRA-ARTELIXO-REDONDELA-300x262.jpg 300w, https:\/\/ocentrodedianacasa.igualdadebenestar.org\/wp-content\/uploads\/2022\/04\/OBRA-ARTELIXO-REDONDELA-768x670.jpg 768w, https:\/\/ocentrodedianacasa.igualdadebenestar.org\/wp-content\/uploads\/2022\/04\/OBRA-ARTELIXO-REDONDELA-1536x1340.jpg 1536w, https:\/\/ocentrodedianacasa.igualdadebenestar.org\/wp-content\/uploads\/2022\/04\/OBRA-ARTELIXO-REDONDELA-2048x1787.jpg 2048w\" sizes=\"(max-width: 277px) 100vw, 277px\" \/><\/figure>\n\n\n\n<p><strong>\u00bfEn que consiste a actividade?<\/strong><\/p>\n\n\n\n<p>A actividade consiste en converter o material de refugallo en arte, sendo este un pretexto para reflexionar sobre a sa\u00fade do medio ambiente, para denunciar o exceso de vertidos e animar a necesidade imperiosa de reinventar o que tiramos e darlle unha nova vida.<\/p>\n\n\n\n<p>Para elo prop\u00f3\u00f1emevos participar cunha obra por centro co formato que queirades tipo maqueta, escultura ou calquera outro elemento de decoraci\u00f3n. A \u00fanica obriga e elaborala con material de refugallo: botellas, tapas, madeira&#8230; Cada centro participar\u00e1 cunha \u00fanica obra que amose algo significativo do lugar\/contorna onde se erixe (algunha tradici\u00f3n, festividade gastron\u00f3mica, monumento&#8230;).<\/p>\n\n\n\n<p><strong>Data:<\/strong><\/p>\n\n\n\n<p>A data l\u00edmite para enviar as fotograf\u00edas das obras \u00e9 o <strong>26\/04\/2022<\/strong> o seguinte correo electr\u00f3nico: <a href=\"mailto:centroredondela.ts@amainaesaude.com\">centroredondela.ts@amainaesaude.com<\/a><\/p>\n\n\n\n<p><strong>Premio:<\/strong><\/p>\n\n\n\n<p>A obra m\u00e1is votada polas persoas usuarias do CAPM de Redondela, que elixiran o xoves <strong>28\/04\/2022<\/strong>, levara un premio realizado dende o centro.<\/p>\n\n\n\n<p>Anim\u00e1devos a participar!!!<\/p>\n ","protected":false},"excerpt":{"rendered":"<p>CONCURSO ARTELIXO Dende o CAPM de Redondela queremos convidarvos a participar na actividade do Artelixo. Este \u00e9 un movemento que nace no ano 1995 en Redondela, como protesta a un <a class=\"more-link\" href=\"https:\/\/ocentrodedianacasa.igualdadebenestar.org\/?p=3046\">Continue Reading &rarr;<\/a><\/p>\n","protected":false},"author":3,"featured_media":0,"comment_status":"open","ping_status":"open","sticky":false,"template":"","format":"aside","meta":[],"categories":[17],"tags":[],"post_mailing_queue_ids":[],"_links":{"self":[{"href":"https:\/\/ocentrodedianacasa.igualdadebenestar.org\/index.php?rest_route=\/wp\/v2\/posts\/3046"}],"collection":[{"href":"https:\/\/ocentrodedianacasa.igualdadebenestar.org\/index.php?rest_route=\/wp\/v2\/posts"}],"about":[{"href":"https:\/\/ocentrodedianacasa.igualdadebenestar.org\/index.php?rest_route=\/wp\/v2\/types\/post"}],"author":[{"embeddable":true,"href":"https:\/\/ocentrodedianacasa.igualdadebenestar.org\/index.php?rest_route=\/wp\/v2\/users\/3"}],"replies":[{"embeddable":true,"href":"https:\/\/ocentrodedianacasa.igualdadebenestar.org\/index.php?rest_route=%2Fwp%2Fv2%2Fcomments&post=3046"}],"version-history":[{"count":2,"href":"https:\/\/ocentrodedianacasa.igualdadebenestar.org\/index.php?rest_route=\/wp\/v2\/posts\/3046\/revisions"}],"predecessor-version":[{"id":3049,"href":"https:\/\/ocentrodedianacasa.igualdadebenestar.org\/index.php?rest_route=\/wp\/v2\/posts\/3046\/revisions\/3049"}],"wp:attachment":[{"href":"https:\/\/ocentrodedianacasa.igualdadebenestar.org\/index.php?rest_route=%2Fwp%2Fv2%2Fmedia&parent=3046"}],"wp:term":[{"taxonomy":"category","embeddable":true,"href":"https:\/\/ocentrodedianacasa.igualdadebenestar.org\/index.php?rest_route=%2Fwp%2Fv2%2Fcategories&post=3046"},{"taxonomy":"post_tag","embeddable":true,"href":"https:\/\/ocentrodedianacasa.igualdadebenestar.org\/index.php?rest_route=%2Fwp%2Fv2%2Ftags&post=3046"}],"curies":[{"name":"wp","href":"https:\/\/api.w.org\/{rel}","templated":true}]}}