{"id":3031,"date":"2022-03-31T07:23:00","date_gmt":"2022-03-31T05:23:00","guid":{"rendered":"https:\/\/ocentrodedianacasa.igualdadebenestar.org\/?p=3031"},"modified":"2022-03-30T12:35:06","modified_gmt":"2022-03-30T10:35:06","slug":"dende-o-centro-de-ferrol-caranza-participaro-no-taller-musica-sen-enrugas","status":"publish","type":"post","link":"https:\/\/ocentrodedianacasa.igualdadebenestar.org\/?p=3031","title":{"rendered":"Participaci\u00f3n do centro de Ferrol Caranza no taller \u201cM\u00fasica sen enrugas\u201d"},"content":{"rendered":"\n<p class=\"has-large-font-size\"><strong>Participaci\u00f3n do centro de Ferrol Caranza no taller \u201cM\u00fasica sen enrugas\u201d<\/strong><\/p>\n\n\n\n<p>A m\u00fasica \u00e9 unha das artes m\u00e1is sociais de a\u00ed a s\u00faa importancia terap\u00e9utica, ao ser esta \u00e1rea, unha das m\u00e1is afectadas ao longo do proceso de envellecemento. A m\u00fasica pode ser un elemento de axuda para as persoas maiores e a realizaci\u00f3n de programas axeitados pode reportar beneficios importantes de estimulaci\u00f3n sensorial e cognitiva, socializaci\u00f3n, expresi\u00f3n e, en definitiva, da calidade de vida da persoa.<\/p>\n\n\n\n<p>A <a rel=\"noreferrer noopener\" href=\"http:\/\/es.wikipedia.org\/wiki\/Musicoterapia\" target=\"_blank\">musicoterapia <\/a>consiste no uso da m\u00fasica e os seus elementos (ritmo, melod\u00eda, harmon\u00eda, timbre\u2026) con finalidades terap\u00e9uticas, favorecendo a comunicaci\u00f3n, mellorando a autoestima e o estado de \u00e1nimo, incentivando o movemento, a expresi\u00f3n, a creatividade\u2026<\/p>\n\n\n\n<p>O Concello de Ferrol, dentro dos seu programa de actividades para o envellecemento activo realizou un taller de musicoterapia para persoas maiores de 65 anos: \u201cM\u00fasica sen enrugas\u201d . Con unha duraci\u00f3n de catro sesi\u00f3ns, que se desenrolaron semanalmente; os martes 8, 15, 22 e 29 de marzo en horario de 12:00-13:30 horas no centro c\u00edvico de Caranza. O proxecto busca potenciar o mantemento das capacidades cognitivas, emocionais e f\u00edsicas fomentando a socializaci\u00f3n. <\/p>\n\n\n\n<figure class=\"wp-block-gallery columns-3 is-cropped\"><ul class=\"blocks-gallery-grid\"><li class=\"blocks-gallery-item\"><figure><img loading=\"lazy\" width=\"1024\" height=\"961\" src=\"https:\/\/ocentrodedianacasa.igualdadebenestar.org\/wp-content\/uploads\/2022\/03\/Musicoterapia4-1024x961.jpg\" alt=\"\" data-id=\"3033\" data-full-url=\"https:\/\/ocentrodedianacasa.igualdadebenestar.org\/wp-content\/uploads\/2022\/03\/Musicoterapia4.jpg\" data-link=\"https:\/\/ocentrodedianacasa.igualdadebenestar.org\/?attachment_id=3033\" class=\"wp-image-3033\" srcset=\"https:\/\/ocentrodedianacasa.igualdadebenestar.org\/wp-content\/uploads\/2022\/03\/Musicoterapia4-1024x961.jpg 1024w, https:\/\/ocentrodedianacasa.igualdadebenestar.org\/wp-content\/uploads\/2022\/03\/Musicoterapia4-300x282.jpg 300w, https:\/\/ocentrodedianacasa.igualdadebenestar.org\/wp-content\/uploads\/2022\/03\/Musicoterapia4-768x721.jpg 768w, https:\/\/ocentrodedianacasa.igualdadebenestar.org\/wp-content\/uploads\/2022\/03\/Musicoterapia4.jpg 1200w\" sizes=\"(max-width: 1024px) 100vw, 1024px\" \/><\/figure><\/li><li class=\"blocks-gallery-item\"><figure><img loading=\"lazy\" width=\"842\" height=\"1024\" src=\"https:\/\/ocentrodedianacasa.igualdadebenestar.org\/wp-content\/uploads\/2022\/03\/Musicoterapia3-842x1024.jpg\" alt=\"\" data-id=\"3034\" data-full-url=\"https:\/\/ocentrodedianacasa.igualdadebenestar.org\/wp-content\/uploads\/2022\/03\/Musicoterapia3.jpg\" data-link=\"https:\/\/ocentrodedianacasa.igualdadebenestar.org\/?attachment_id=3034\" class=\"wp-image-3034\" srcset=\"https:\/\/ocentrodedianacasa.igualdadebenestar.org\/wp-content\/uploads\/2022\/03\/Musicoterapia3-842x1024.jpg 842w, https:\/\/ocentrodedianacasa.igualdadebenestar.org\/wp-content\/uploads\/2022\/03\/Musicoterapia3-247x300.jpg 247w, https:\/\/ocentrodedianacasa.igualdadebenestar.org\/wp-content\/uploads\/2022\/03\/Musicoterapia3-768x934.jpg 768w, https:\/\/ocentrodedianacasa.igualdadebenestar.org\/wp-content\/uploads\/2022\/03\/Musicoterapia3.jpg 1172w\" sizes=\"(max-width: 842px) 100vw, 842px\" \/><\/figure><\/li><li class=\"blocks-gallery-item\"><figure><img loading=\"lazy\" width=\"1024\" height=\"615\" src=\"https:\/\/ocentrodedianacasa.igualdadebenestar.org\/wp-content\/uploads\/2022\/03\/Musicoterapia2-1024x615.jpg\" alt=\"\" data-id=\"3035\" data-full-url=\"https:\/\/ocentrodedianacasa.igualdadebenestar.org\/wp-content\/uploads\/2022\/03\/Musicoterapia2.jpg\" data-link=\"https:\/\/ocentrodedianacasa.igualdadebenestar.org\/?attachment_id=3035\" class=\"wp-image-3035\" srcset=\"https:\/\/ocentrodedianacasa.igualdadebenestar.org\/wp-content\/uploads\/2022\/03\/Musicoterapia2-1024x615.jpg 1024w, https:\/\/ocentrodedianacasa.igualdadebenestar.org\/wp-content\/uploads\/2022\/03\/Musicoterapia2-300x180.jpg 300w, https:\/\/ocentrodedianacasa.igualdadebenestar.org\/wp-content\/uploads\/2022\/03\/Musicoterapia2-768x461.jpg 768w, https:\/\/ocentrodedianacasa.igualdadebenestar.org\/wp-content\/uploads\/2022\/03\/Musicoterapia2-1536x923.jpg 1536w, https:\/\/ocentrodedianacasa.igualdadebenestar.org\/wp-content\/uploads\/2022\/03\/Musicoterapia2.jpg 1580w\" sizes=\"(max-width: 1024px) 100vw, 1024px\" \/><\/figure><\/li><li class=\"blocks-gallery-item\"><figure><img loading=\"lazy\" width=\"1011\" height=\"622\" src=\"https:\/\/ocentrodedianacasa.igualdadebenestar.org\/wp-content\/uploads\/2022\/03\/Musicoterapia1-1.jpg\" alt=\"\" data-id=\"3036\" data-full-url=\"https:\/\/ocentrodedianacasa.igualdadebenestar.org\/wp-content\/uploads\/2022\/03\/Musicoterapia1-1.jpg\" data-link=\"https:\/\/ocentrodedianacasa.igualdadebenestar.org\/?attachment_id=3036\" class=\"wp-image-3036\" srcset=\"https:\/\/ocentrodedianacasa.igualdadebenestar.org\/wp-content\/uploads\/2022\/03\/Musicoterapia1-1.jpg 1011w, https:\/\/ocentrodedianacasa.igualdadebenestar.org\/wp-content\/uploads\/2022\/03\/Musicoterapia1-1-300x185.jpg 300w, https:\/\/ocentrodedianacasa.igualdadebenestar.org\/wp-content\/uploads\/2022\/03\/Musicoterapia1-1-768x472.jpg 768w\" sizes=\"(max-width: 1011px) 100vw, 1011px\" \/><\/figure><\/li><\/ul><\/figure>\n ","protected":false},"excerpt":{"rendered":"<p>Participaci\u00f3n do centro de Ferrol Caranza no taller \u201cM\u00fasica sen enrugas\u201d A m\u00fasica \u00e9 unha das artes m\u00e1is sociais de a\u00ed a s\u00faa importancia terap\u00e9utica, ao ser esta \u00e1rea, unha <a class=\"more-link\" href=\"https:\/\/ocentrodedianacasa.igualdadebenestar.org\/?p=3031\">Continue Reading &rarr;<\/a><\/p>\n","protected":false},"author":3,"featured_media":0,"comment_status":"open","ping_status":"open","sticky":false,"template":"","format":"aside","meta":[],"categories":[20],"tags":[],"post_mailing_queue_ids":[],"_links":{"self":[{"href":"https:\/\/ocentrodedianacasa.igualdadebenestar.org\/index.php?rest_route=\/wp\/v2\/posts\/3031"}],"collection":[{"href":"https:\/\/ocentrodedianacasa.igualdadebenestar.org\/index.php?rest_route=\/wp\/v2\/posts"}],"about":[{"href":"https:\/\/ocentrodedianacasa.igualdadebenestar.org\/index.php?rest_route=\/wp\/v2\/types\/post"}],"author":[{"embeddable":true,"href":"https:\/\/ocentrodedianacasa.igualdadebenestar.org\/index.php?rest_route=\/wp\/v2\/users\/3"}],"replies":[{"embeddable":true,"href":"https:\/\/ocentrodedianacasa.igualdadebenestar.org\/index.php?rest_route=%2Fwp%2Fv2%2Fcomments&post=3031"}],"version-history":[{"count":2,"href":"https:\/\/ocentrodedianacasa.igualdadebenestar.org\/index.php?rest_route=\/wp\/v2\/posts\/3031\/revisions"}],"predecessor-version":[{"id":3038,"href":"https:\/\/ocentrodedianacasa.igualdadebenestar.org\/index.php?rest_route=\/wp\/v2\/posts\/3031\/revisions\/3038"}],"wp:attachment":[{"href":"https:\/\/ocentrodedianacasa.igualdadebenestar.org\/index.php?rest_route=%2Fwp%2Fv2%2Fmedia&parent=3031"}],"wp:term":[{"taxonomy":"category","embeddable":true,"href":"https:\/\/ocentrodedianacasa.igualdadebenestar.org\/index.php?rest_route=%2Fwp%2Fv2%2Fcategories&post=3031"},{"taxonomy":"post_tag","embeddable":true,"href":"https:\/\/ocentrodedianacasa.igualdadebenestar.org\/index.php?rest_route=%2Fwp%2Fv2%2Ftags&post=3031"}],"curies":[{"name":"wp","href":"https:\/\/api.w.org\/{rel}","templated":true}]}}