{"id":3021,"date":"2022-03-30T12:05:35","date_gmt":"2022-03-30T10:05:35","guid":{"rendered":"https:\/\/ocentrodedianacasa.igualdadebenestar.org\/?p=3021"},"modified":"2022-03-30T12:06:14","modified_gmt":"2022-03-30T10:06:14","slug":"no-capm-de-boiro-participamos-no-programa-terceiros-en-idade-primeiros-en-reciclar","status":"publish","type":"post","link":"https:\/\/ocentrodedianacasa.igualdadebenestar.org\/?p=3021","title":{"rendered":"No CAPM de Boiro participamos no programa \u201cTERCEIROS EN IDADE, PRIMEIROS EN RECICLAR\u201d"},"content":{"rendered":"\n<p class=\"has-large-font-size\"><strong>No CAPM de Boiro participamos no programa \u201cTERCEIROS EN IDADE, PRIMEIROS EN RECICLAR\u201d<\/strong><\/p>\n\n\n\n<p>A Xunta de Galicia e Ecoembes, levan a cabo o programa \u201cTerceiros en idade, primeiros en reciclar\u201d co obxectivo de achegar a reciclaxe aos centros de maiores. Persoal t\u00e9cnico de Ecoembes acudiron ao CAPM de Boiro para impartir unha formaci\u00f3n en reciclaxe para as traballadoras e as persoas usuarias do centro e facernos part\u00edcipes do coidado do medioambiente a trav\u00e9s da correcta separaci\u00f3n dos residuos.<\/p>\n\n\n\n<figure class=\"wp-block-image size-large is-resized is-style-rounded\"><img loading=\"lazy\" src=\"https:\/\/ocentrodedianacasa.igualdadebenestar.org\/wp-content\/uploads\/2022\/03\/ECOEMBES_CAPM-BOIRO_2-1024x529.jpg\" alt=\"\" class=\"wp-image-3024\" width=\"345\" height=\"177\" srcset=\"https:\/\/ocentrodedianacasa.igualdadebenestar.org\/wp-content\/uploads\/2022\/03\/ECOEMBES_CAPM-BOIRO_2-1024x529.jpg 1024w, https:\/\/ocentrodedianacasa.igualdadebenestar.org\/wp-content\/uploads\/2022\/03\/ECOEMBES_CAPM-BOIRO_2-300x155.jpg 300w, https:\/\/ocentrodedianacasa.igualdadebenestar.org\/wp-content\/uploads\/2022\/03\/ECOEMBES_CAPM-BOIRO_2-768x397.jpg 768w, https:\/\/ocentrodedianacasa.igualdadebenestar.org\/wp-content\/uploads\/2022\/03\/ECOEMBES_CAPM-BOIRO_2-1536x794.jpg 1536w, https:\/\/ocentrodedianacasa.igualdadebenestar.org\/wp-content\/uploads\/2022\/03\/ECOEMBES_CAPM-BOIRO_2-2048x1058.jpg 2048w\" sizes=\"(max-width: 345px) 100vw, 345px\" \/><\/figure>\n\n\n\n<p>\u00c1 s\u00faa chegada, proporcionaron cubos e papeleiras para a recollida selectiva de envases lixeiros de pl\u00e1sticos, latas e bricks (contedor amarelo) e de papel e cart\u00f3n (contedor azul), as\u00ed como carteis explicativos para distribu\u00edr nas estancias do centro.<\/p>\n\n\n\n<p>Para maior aprendizaxe realizaron unha actividade coas persoas usuarias, consistente nun bingo sobre a reciclaxe, que lles resultou moi interesante e serviu para aclarar d\u00fabidas dunha forma amena e distendida.<\/p>\n\n\n\n<p>Con esta formaci\u00f3n reforzaremos o compromiso do equipo de traballo e as persoas usuarias do CAPM de Boiro co coidado do medioambiente!<\/p>\n\n\n\n<figure class=\"wp-block-gallery columns-2 is-cropped\"><ul class=\"blocks-gallery-grid\"><li class=\"blocks-gallery-item\"><figure><img loading=\"lazy\" width=\"1024\" height=\"655\" src=\"https:\/\/ocentrodedianacasa.igualdadebenestar.org\/wp-content\/uploads\/2022\/03\/ECOEMBES_CAPM-BOIRO_3-1024x655.jpg\" alt=\"\" data-id=\"3022\" data-link=\"https:\/\/ocentrodedianacasa.igualdadebenestar.org\/?attachment_id=3022\" class=\"wp-image-3022\" srcset=\"https:\/\/ocentrodedianacasa.igualdadebenestar.org\/wp-content\/uploads\/2022\/03\/ECOEMBES_CAPM-BOIRO_3-1024x655.jpg 1024w, https:\/\/ocentrodedianacasa.igualdadebenestar.org\/wp-content\/uploads\/2022\/03\/ECOEMBES_CAPM-BOIRO_3-300x192.jpg 300w, https:\/\/ocentrodedianacasa.igualdadebenestar.org\/wp-content\/uploads\/2022\/03\/ECOEMBES_CAPM-BOIRO_3-768x491.jpg 768w, https:\/\/ocentrodedianacasa.igualdadebenestar.org\/wp-content\/uploads\/2022\/03\/ECOEMBES_CAPM-BOIRO_3-1536x982.jpg 1536w, https:\/\/ocentrodedianacasa.igualdadebenestar.org\/wp-content\/uploads\/2022\/03\/ECOEMBES_CAPM-BOIRO_3-2048x1310.jpg 2048w\" sizes=\"(max-width: 1024px) 100vw, 1024px\" \/><\/figure><\/li><li class=\"blocks-gallery-item\"><figure><img loading=\"lazy\" width=\"559\" height=\"320\" src=\"https:\/\/ocentrodedianacasa.igualdadebenestar.org\/wp-content\/uploads\/2022\/03\/Captura-de-pantalla_2022-03-30_11-59-27.png\" alt=\"\" data-id=\"3023\" data-full-url=\"https:\/\/ocentrodedianacasa.igualdadebenestar.org\/wp-content\/uploads\/2022\/03\/Captura-de-pantalla_2022-03-30_11-59-27.png\" data-link=\"https:\/\/ocentrodedianacasa.igualdadebenestar.org\/?attachment_id=3023\" class=\"wp-image-3023\" srcset=\"https:\/\/ocentrodedianacasa.igualdadebenestar.org\/wp-content\/uploads\/2022\/03\/Captura-de-pantalla_2022-03-30_11-59-27.png 559w, https:\/\/ocentrodedianacasa.igualdadebenestar.org\/wp-content\/uploads\/2022\/03\/Captura-de-pantalla_2022-03-30_11-59-27-300x172.png 300w\" sizes=\"(max-width: 559px) 100vw, 559px\" \/><\/figure><\/li><\/ul><\/figure>\n ","protected":false},"excerpt":{"rendered":"<p>No CAPM de Boiro participamos no programa \u201cTERCEIROS EN IDADE, PRIMEIROS EN RECICLAR\u201d A Xunta de Galicia e Ecoembes, levan a cabo o programa \u201cTerceiros en idade, primeiros en reciclar\u201d <a class=\"more-link\" href=\"https:\/\/ocentrodedianacasa.igualdadebenestar.org\/?p=3021\">Continue Reading &rarr;<\/a><\/p>\n","protected":false},"author":3,"featured_media":0,"comment_status":"open","ping_status":"open","sticky":false,"template":"","format":"aside","meta":[],"categories":[66],"tags":[],"post_mailing_queue_ids":[],"_links":{"self":[{"href":"https:\/\/ocentrodedianacasa.igualdadebenestar.org\/index.php?rest_route=\/wp\/v2\/posts\/3021"}],"collection":[{"href":"https:\/\/ocentrodedianacasa.igualdadebenestar.org\/index.php?rest_route=\/wp\/v2\/posts"}],"about":[{"href":"https:\/\/ocentrodedianacasa.igualdadebenestar.org\/index.php?rest_route=\/wp\/v2\/types\/post"}],"author":[{"embeddable":true,"href":"https:\/\/ocentrodedianacasa.igualdadebenestar.org\/index.php?rest_route=\/wp\/v2\/users\/3"}],"replies":[{"embeddable":true,"href":"https:\/\/ocentrodedianacasa.igualdadebenestar.org\/index.php?rest_route=%2Fwp%2Fv2%2Fcomments&post=3021"}],"version-history":[{"count":2,"href":"https:\/\/ocentrodedianacasa.igualdadebenestar.org\/index.php?rest_route=\/wp\/v2\/posts\/3021\/revisions"}],"predecessor-version":[{"id":3027,"href":"https:\/\/ocentrodedianacasa.igualdadebenestar.org\/index.php?rest_route=\/wp\/v2\/posts\/3021\/revisions\/3027"}],"wp:attachment":[{"href":"https:\/\/ocentrodedianacasa.igualdadebenestar.org\/index.php?rest_route=%2Fwp%2Fv2%2Fmedia&parent=3021"}],"wp:term":[{"taxonomy":"category","embeddable":true,"href":"https:\/\/ocentrodedianacasa.igualdadebenestar.org\/index.php?rest_route=%2Fwp%2Fv2%2Fcategories&post=3021"},{"taxonomy":"post_tag","embeddable":true,"href":"https:\/\/ocentrodedianacasa.igualdadebenestar.org\/index.php?rest_route=%2Fwp%2Fv2%2Ftags&post=3021"}],"curies":[{"name":"wp","href":"https:\/\/api.w.org\/{rel}","templated":true}]}}