{"id":3013,"date":"2022-03-30T06:26:00","date_gmt":"2022-03-30T04:26:00","guid":{"rendered":"https:\/\/ocentrodedianacasa.igualdadebenestar.org\/?p=3013"},"modified":"2022-03-30T12:07:59","modified_gmt":"2022-03-30T10:07:59","slug":"a-vida-das-nosas-mulleresno-centro-de-maiores-de-arteixo","status":"publish","type":"post","link":"https:\/\/ocentrodedianacasa.igualdadebenestar.org\/?p=3013","title":{"rendered":"&#8220;A VIDA DAS NOSAS MULLERES&#8221; no centro de maiores de Arteixo"},"content":{"rendered":"\n<p>O d\u00eda 8 de marzo, no Centro Residencial e de D\u00eda de Arteixo, celebramos o D\u00eda da Muller. Nesta data especial, realizamos unha actividade &#8220;<strong>A vida das nosas mulleres<\/strong>&#8220;. A trav\u00e9s desta data sinalada busc\u00e1base recordar e reivindicar os logros acadados polas mulleres, as\u00ed como as dificultades coas que se atoparon para conseguilos.<\/p>\n\n\n\n<p>Participaron persoas usuarias, pero tam\u00e9n as s\u00faas familias, conseguindo fotograf\u00edas antigas para a realizaci\u00f3n da mesma. A partir da foto, creouse un cadro coas imaxes onde ao car\u00f3n de cada unha aparec\u00edan aspectos relevantes, tales como o seu nome, familia, traballo e os maiores logros que consideraban que acadaron na s\u00faa vida. Despois present\u00e1ronse nunha exposici\u00f3n, onde o resto de persoas usuarias que quixeron colaboraron na s\u00faa colocaci\u00f3n.<\/p>\n\n\n\n<p>Esta actividade serviu para co\u00f1ecer a vida de cada muller dunha forma m\u00e1is gr\u00e1fica, tam\u00e9n para debater sobre como cambiaron os dereitos e as oportunidades co paso do tempo. Tanto as profesionais de referencia como as persoas usuarias valoraron moi positivamente a actividade, que ademais serviu para estreitar lazos entre ambas.<\/p>\n\n\n\n<p>Que importante \u00e9, a vida das nosas mulleres!!<\/p>\n\n\n\n<figure class=\"wp-block-image size-large is-resized\"><img loading=\"lazy\" src=\"https:\/\/ocentrodedianacasa.igualdadebenestar.org\/wp-content\/uploads\/2022\/03\/as-nosas-mulleres-1.jpeg\" alt=\"\" class=\"wp-image-3014\" width=\"383\" height=\"511\" srcset=\"https:\/\/ocentrodedianacasa.igualdadebenestar.org\/wp-content\/uploads\/2022\/03\/as-nosas-mulleres-1.jpeg 768w, https:\/\/ocentrodedianacasa.igualdadebenestar.org\/wp-content\/uploads\/2022\/03\/as-nosas-mulleres-1-225x300.jpeg 225w\" sizes=\"(max-width: 383px) 100vw, 383px\" \/><\/figure>\n ","protected":false},"excerpt":{"rendered":"<p>O d\u00eda 8 de marzo, no Centro Residencial e de D\u00eda de Arteixo, celebramos o D\u00eda da Muller. Nesta data especial, realizamos unha actividade &#8220;A vida das nosas mulleres&#8220;. A <a class=\"more-link\" href=\"https:\/\/ocentrodedianacasa.igualdadebenestar.org\/?p=3013\">Continue Reading &rarr;<\/a><\/p>\n","protected":false},"author":3,"featured_media":0,"comment_status":"open","ping_status":"open","sticky":false,"template":"","format":"standard","meta":[],"categories":[44],"tags":[],"post_mailing_queue_ids":[],"_links":{"self":[{"href":"https:\/\/ocentrodedianacasa.igualdadebenestar.org\/index.php?rest_route=\/wp\/v2\/posts\/3013"}],"collection":[{"href":"https:\/\/ocentrodedianacasa.igualdadebenestar.org\/index.php?rest_route=\/wp\/v2\/posts"}],"about":[{"href":"https:\/\/ocentrodedianacasa.igualdadebenestar.org\/index.php?rest_route=\/wp\/v2\/types\/post"}],"author":[{"embeddable":true,"href":"https:\/\/ocentrodedianacasa.igualdadebenestar.org\/index.php?rest_route=\/wp\/v2\/users\/3"}],"replies":[{"embeddable":true,"href":"https:\/\/ocentrodedianacasa.igualdadebenestar.org\/index.php?rest_route=%2Fwp%2Fv2%2Fcomments&post=3013"}],"version-history":[{"count":3,"href":"https:\/\/ocentrodedianacasa.igualdadebenestar.org\/index.php?rest_route=\/wp\/v2\/posts\/3013\/revisions"}],"predecessor-version":[{"id":3028,"href":"https:\/\/ocentrodedianacasa.igualdadebenestar.org\/index.php?rest_route=\/wp\/v2\/posts\/3013\/revisions\/3028"}],"wp:attachment":[{"href":"https:\/\/ocentrodedianacasa.igualdadebenestar.org\/index.php?rest_route=%2Fwp%2Fv2%2Fmedia&parent=3013"}],"wp:term":[{"taxonomy":"category","embeddable":true,"href":"https:\/\/ocentrodedianacasa.igualdadebenestar.org\/index.php?rest_route=%2Fwp%2Fv2%2Fcategories&post=3013"},{"taxonomy":"post_tag","embeddable":true,"href":"https:\/\/ocentrodedianacasa.igualdadebenestar.org\/index.php?rest_route=%2Fwp%2Fv2%2Ftags&post=3013"}],"curies":[{"name":"wp","href":"https:\/\/api.w.org\/{rel}","templated":true}]}}