{"id":3009,"date":"2022-03-30T06:20:00","date_gmt":"2022-03-30T04:20:00","guid":{"rendered":"https:\/\/ocentrodedianacasa.igualdadebenestar.org\/?p=3009"},"modified":"2022-03-29T13:48:48","modified_gmt":"2022-03-29T11:48:48","slug":"o-entroido-local-no-centro-de-vilar-de-santos","status":"publish","type":"post","link":"https:\/\/ocentrodedianacasa.igualdadebenestar.org\/?p=3009","title":{"rendered":"O entroido local no centro de Vilar de Santos"},"content":{"rendered":"\n<p>Dende o CAPM de Vilar de Santos, sito no tri\u00e1ngulo m\u00e1xico ourens\u00e1n (Xinzo-Laza-Ver\u00edn) con pantallas, peliqueiros e cigarr\u00f3ns, retomamos o noso Entroido, unha das celebraci\u00f3ns de larga tradici\u00f3n popular na provincia de Ourense.<\/p>\n\n\n\n<p>E que mellor maneira de facelo que participando coas seguintes actividades, nunha iniciativa local:<\/p>\n\n\n\n<p>1.- Disfraz de \u201cgalegas\u201d elaborado no centro como apoio \u00e1s Tanxugueiras (artistas revelaci\u00f3n da fusi\u00f3n da m\u00fasica tradicional).<\/p>\n\n\n\n<p>2.- Elaboraci\u00f3n de atrezo que acompa\u00f1a no desfile \u201cEurofans Senior\u201d das Tanxugueiras.<\/p>\n\n\n\n<figure class=\"wp-block-image size-large is-style-rounded\"><img loading=\"lazy\" width=\"982\" height=\"604\" src=\"https:\/\/ocentrodedianacasa.igualdadebenestar.org\/wp-content\/uploads\/2022\/03\/2.jpg\" alt=\"\" class=\"wp-image-3010\" srcset=\"https:\/\/ocentrodedianacasa.igualdadebenestar.org\/wp-content\/uploads\/2022\/03\/2.jpg 982w, https:\/\/ocentrodedianacasa.igualdadebenestar.org\/wp-content\/uploads\/2022\/03\/2-300x185.jpg 300w, https:\/\/ocentrodedianacasa.igualdadebenestar.org\/wp-content\/uploads\/2022\/03\/2-768x472.jpg 768w\" sizes=\"(max-width: 982px) 100vw, 982px\" \/><\/figure>\n\n\n\n<p>3.- Desfile de Entroido con sa\u00edda dende o Centro de Maiores ata a praza do Concello, pasando polas r\u00faas Baleza, Sa\u00ednza e Celanova.<\/p>\n\n\n\n<figure class=\"wp-block-embed-youtube wp-block-embed is-type-video is-provider-youtube wp-embed-aspect-16-9 wp-has-aspect-ratio\"><div class=\"wp-block-embed__wrapper\">\n<iframe title=\"Entroido no centro de Vilar de Santos\" width=\"678\" height=\"381\" src=\"https:\/\/www.youtube.com\/embed\/59WFavqepkA?start=1&#038;feature=oembed\" frameborder=\"0\" allow=\"accelerometer; autoplay; clipboard-write; encrypted-media; gyroscope; picture-in-picture\" allowfullscreen><\/iframe>\n<\/div><\/figure>\n\n\n\n<p><\/p>\n\n\n\n<p><\/p>\n\n\n\n<p>4.- Actividade interxeneracional dun audio a viva voz dos nosos maiores sobre unha s\u00e1tira, co seu env\u00edo aos nenos da escola infantil :<\/p>\n\n\n\n<p>QUE SER\u00c1 QUE CANDO CHEGA<\/p>\n\n\n\n<p>CUNHA LEDICIA SEN PAR,<\/p>\n\n\n\n<p>A XENTE T\u00c1PASE A CARA<\/p>\n\n\n\n<p>E LOGO PONSE A BAILAR?<\/p>\n\n\n\n<p>O ENTROIDO!!!<\/p>\n\n\n\n<p>4.- Chocolatada comunitaria como remate final na praza do Concello.<\/p>\n\n\n\n<p>Toda esta iniciativa realizouse coa participaci\u00f3n conxunta de CEIP \u201cCarlos Cid Arg\u00fci\u201d de Rairiz de Veiga, Escola infantilde Vilar de Santos, servizos sociais e asociaci\u00f3n de mulleres rurais \u201cA Arracada\u201d en Vilar de Santos.<\/p>\n\n\n\n<figure class=\"wp-block-image size-large is-style-rounded\"><img loading=\"lazy\" width=\"981\" height=\"670\" src=\"https:\/\/ocentrodedianacasa.igualdadebenestar.org\/wp-content\/uploads\/2022\/03\/1.jpg\" alt=\"\" class=\"wp-image-3011\" srcset=\"https:\/\/ocentrodedianacasa.igualdadebenestar.org\/wp-content\/uploads\/2022\/03\/1.jpg 981w, https:\/\/ocentrodedianacasa.igualdadebenestar.org\/wp-content\/uploads\/2022\/03\/1-300x205.jpg 300w, https:\/\/ocentrodedianacasa.igualdadebenestar.org\/wp-content\/uploads\/2022\/03\/1-768x525.jpg 768w\" sizes=\"(max-width: 981px) 100vw, 981px\" \/><\/figure>\n ","protected":false},"excerpt":{"rendered":"<p>Dende o CAPM de Vilar de Santos, sito no tri\u00e1ngulo m\u00e1xico ourens\u00e1n (Xinzo-Laza-Ver\u00edn) con pantallas, peliqueiros e cigarr\u00f3ns, retomamos o noso Entroido, unha das celebraci\u00f3ns de larga tradici\u00f3n popular na <a class=\"more-link\" href=\"https:\/\/ocentrodedianacasa.igualdadebenestar.org\/?p=3009\">Continue Reading &rarr;<\/a><\/p>\n","protected":false},"author":3,"featured_media":0,"comment_status":"open","ping_status":"open","sticky":false,"template":"","format":"standard","meta":[],"categories":[44],"tags":[],"post_mailing_queue_ids":[],"_links":{"self":[{"href":"https:\/\/ocentrodedianacasa.igualdadebenestar.org\/index.php?rest_route=\/wp\/v2\/posts\/3009"}],"collection":[{"href":"https:\/\/ocentrodedianacasa.igualdadebenestar.org\/index.php?rest_route=\/wp\/v2\/posts"}],"about":[{"href":"https:\/\/ocentrodedianacasa.igualdadebenestar.org\/index.php?rest_route=\/wp\/v2\/types\/post"}],"author":[{"embeddable":true,"href":"https:\/\/ocentrodedianacasa.igualdadebenestar.org\/index.php?rest_route=\/wp\/v2\/users\/3"}],"replies":[{"embeddable":true,"href":"https:\/\/ocentrodedianacasa.igualdadebenestar.org\/index.php?rest_route=%2Fwp%2Fv2%2Fcomments&post=3009"}],"version-history":[{"count":4,"href":"https:\/\/ocentrodedianacasa.igualdadebenestar.org\/index.php?rest_route=\/wp\/v2\/posts\/3009\/revisions"}],"predecessor-version":[{"id":3020,"href":"https:\/\/ocentrodedianacasa.igualdadebenestar.org\/index.php?rest_route=\/wp\/v2\/posts\/3009\/revisions\/3020"}],"wp:attachment":[{"href":"https:\/\/ocentrodedianacasa.igualdadebenestar.org\/index.php?rest_route=%2Fwp%2Fv2%2Fmedia&parent=3009"}],"wp:term":[{"taxonomy":"category","embeddable":true,"href":"https:\/\/ocentrodedianacasa.igualdadebenestar.org\/index.php?rest_route=%2Fwp%2Fv2%2Fcategories&post=3009"},{"taxonomy":"post_tag","embeddable":true,"href":"https:\/\/ocentrodedianacasa.igualdadebenestar.org\/index.php?rest_route=%2Fwp%2Fv2%2Ftags&post=3009"}],"curies":[{"name":"wp","href":"https:\/\/api.w.org\/{rel}","templated":true}]}}