{"id":2992,"date":"2022-03-18T09:41:00","date_gmt":"2022-03-18T08:41:00","guid":{"rendered":"https:\/\/ocentrodedianacasa.igualdadebenestar.org\/?p=2992"},"modified":"2022-03-18T10:56:01","modified_gmt":"2022-03-18T09:56:01","slug":"premio-das-coroas-de-nadal-do-centro-de-dia-de-dodro","status":"publish","type":"post","link":"https:\/\/ocentrodedianacasa.igualdadebenestar.org\/?p=2992","title":{"rendered":"Centro de d\u00eda de Cambados ga\u00f1ador do premio das coroas de Nadal do centro de d\u00eda de Dodro"},"content":{"rendered":"\n<p>O Centro de d\u00eda de Dodro Dodro realizou unha proposta a t\u00f3dolos centros da rede para que participaran nun concurso no que hab\u00eda que elaborar unha coroa de Nadal.<\/p>\n\n\n\n<p>As persoas usuarias amosaron moito interese en participar e fix\u00e9rono con moito esforzo, que se viu recompensado coa recepci\u00f3n do premio que o Centro de d\u00eda de  Dodro nos enviou.<\/p>\n\n\n\n<p>Realizouse unha actividade onde as persoas usuarias ti\u00f1an que recordar en que actividade conseguiran este premio, e intentar adivi\u00f1ar que poder\u00eda ser o agasallo. Amos\u00e1ronse emocionadas tras recibir esta recompensa e refiren que lles gustar\u00eda seguir participando neste tipo de concursos.<\/p>\n\n\n\n<p>O agasallo p\u00f3dese ver nas fotograf\u00edas que a continuaci\u00f3n expo\u00f1emos .<\/p>\n\n\n\n<figure class=\"wp-block-gallery columns-3 is-cropped\"><ul class=\"blocks-gallery-grid\"><li class=\"blocks-gallery-item\"><figure><img loading=\"lazy\" width=\"453\" height=\"549\" src=\"https:\/\/ocentrodedianacasa.igualdadebenestar.org\/wp-content\/uploads\/2022\/10\/Captura-de-pantalla_2022-03-18_10-48-48.png\" alt=\"\" data-id=\"2996\" data-full-url=\"https:\/\/ocentrodedianacasa.igualdadebenestar.org\/wp-content\/uploads\/2022\/10\/Captura-de-pantalla_2022-03-18_10-48-48.png\" data-link=\"https:\/\/ocentrodedianacasa.igualdadebenestar.org\/?attachment_id=2996\" class=\"wp-image-2996\" srcset=\"https:\/\/ocentrodedianacasa.igualdadebenestar.org\/wp-content\/uploads\/2022\/10\/Captura-de-pantalla_2022-03-18_10-48-48.png 453w, https:\/\/ocentrodedianacasa.igualdadebenestar.org\/wp-content\/uploads\/2022\/10\/Captura-de-pantalla_2022-03-18_10-48-48-248x300.png 248w\" sizes=\"(max-width: 453px) 100vw, 453px\" \/><\/figure><\/li><li class=\"blocks-gallery-item\"><figure><img loading=\"lazy\" width=\"456\" height=\"383\" src=\"https:\/\/ocentrodedianacasa.igualdadebenestar.org\/wp-content\/uploads\/2022\/10\/Captura-de-pantalla_2022-03-18_10-48-31.png\" alt=\"\" data-id=\"2995\" data-full-url=\"https:\/\/ocentrodedianacasa.igualdadebenestar.org\/wp-content\/uploads\/2022\/10\/Captura-de-pantalla_2022-03-18_10-48-31.png\" data-link=\"https:\/\/ocentrodedianacasa.igualdadebenestar.org\/?attachment_id=2995\" class=\"wp-image-2995\" srcset=\"https:\/\/ocentrodedianacasa.igualdadebenestar.org\/wp-content\/uploads\/2022\/10\/Captura-de-pantalla_2022-03-18_10-48-31.png 456w, https:\/\/ocentrodedianacasa.igualdadebenestar.org\/wp-content\/uploads\/2022\/10\/Captura-de-pantalla_2022-03-18_10-48-31-300x252.png 300w\" sizes=\"(max-width: 456px) 100vw, 456px\" \/><\/figure><\/li><li class=\"blocks-gallery-item\"><figure><img loading=\"lazy\" width=\"451\" height=\"312\" src=\"https:\/\/ocentrodedianacasa.igualdadebenestar.org\/wp-content\/uploads\/2022\/10\/Captura-de-pantalla_2022-03-18_10-48-17.png\" alt=\"\" data-id=\"2994\" data-full-url=\"https:\/\/ocentrodedianacasa.igualdadebenestar.org\/wp-content\/uploads\/2022\/10\/Captura-de-pantalla_2022-03-18_10-48-17.png\" data-link=\"https:\/\/ocentrodedianacasa.igualdadebenestar.org\/?attachment_id=2994\" class=\"wp-image-2994\" srcset=\"https:\/\/ocentrodedianacasa.igualdadebenestar.org\/wp-content\/uploads\/2022\/10\/Captura-de-pantalla_2022-03-18_10-48-17.png 451w, https:\/\/ocentrodedianacasa.igualdadebenestar.org\/wp-content\/uploads\/2022\/10\/Captura-de-pantalla_2022-03-18_10-48-17-300x208.png 300w\" sizes=\"(max-width: 451px) 100vw, 451px\" \/><\/figure><\/li><\/ul><\/figure>\n ","protected":false},"excerpt":{"rendered":"<p>O Centro de d\u00eda de Dodro Dodro realizou unha proposta a t\u00f3dolos centros da rede para que participaran nun concurso no que hab\u00eda que elaborar unha coroa de Nadal. As <a class=\"more-link\" href=\"https:\/\/ocentrodedianacasa.igualdadebenestar.org\/?p=2992\">Continue Reading &rarr;<\/a><\/p>\n","protected":false},"author":3,"featured_media":0,"comment_status":"open","ping_status":"open","sticky":false,"template":"","format":"standard","meta":[],"categories":[20],"tags":[],"post_mailing_queue_ids":[],"_links":{"self":[{"href":"https:\/\/ocentrodedianacasa.igualdadebenestar.org\/index.php?rest_route=\/wp\/v2\/posts\/2992"}],"collection":[{"href":"https:\/\/ocentrodedianacasa.igualdadebenestar.org\/index.php?rest_route=\/wp\/v2\/posts"}],"about":[{"href":"https:\/\/ocentrodedianacasa.igualdadebenestar.org\/index.php?rest_route=\/wp\/v2\/types\/post"}],"author":[{"embeddable":true,"href":"https:\/\/ocentrodedianacasa.igualdadebenestar.org\/index.php?rest_route=\/wp\/v2\/users\/3"}],"replies":[{"embeddable":true,"href":"https:\/\/ocentrodedianacasa.igualdadebenestar.org\/index.php?rest_route=%2Fwp%2Fv2%2Fcomments&post=2992"}],"version-history":[{"count":3,"href":"https:\/\/ocentrodedianacasa.igualdadebenestar.org\/index.php?rest_route=\/wp\/v2\/posts\/2992\/revisions"}],"predecessor-version":[{"id":2999,"href":"https:\/\/ocentrodedianacasa.igualdadebenestar.org\/index.php?rest_route=\/wp\/v2\/posts\/2992\/revisions\/2999"}],"wp:attachment":[{"href":"https:\/\/ocentrodedianacasa.igualdadebenestar.org\/index.php?rest_route=%2Fwp%2Fv2%2Fmedia&parent=2992"}],"wp:term":[{"taxonomy":"category","embeddable":true,"href":"https:\/\/ocentrodedianacasa.igualdadebenestar.org\/index.php?rest_route=%2Fwp%2Fv2%2Fcategories&post=2992"},{"taxonomy":"post_tag","embeddable":true,"href":"https:\/\/ocentrodedianacasa.igualdadebenestar.org\/index.php?rest_route=%2Fwp%2Fv2%2Ftags&post=2992"}],"curies":[{"name":"wp","href":"https:\/\/api.w.org\/{rel}","templated":true}]}}