{"id":2985,"date":"2022-03-31T04:11:00","date_gmt":"2022-03-31T02:11:00","guid":{"rendered":"https:\/\/ocentrodedianacasa.igualdadebenestar.org\/?p=2985"},"modified":"2022-03-18T10:28:15","modified_gmt":"2022-03-18T09:28:15","slug":"o-dia-do-amor-no-centro-de-dia-de-begonte","status":"publish","type":"post","link":"https:\/\/ocentrodedianacasa.igualdadebenestar.org\/?p=2985","title":{"rendered":"O d\u00eda do AMOR no centro de d\u00eda de Begonte"},"content":{"rendered":"\n<p class=\"has-large-font-size\"><strong>O d\u00eda do AMOR no centro de d\u00eda de Begonte<\/strong><\/p>\n\n\n\n<p>No centro de d\u00eda de celebramos este d\u00eda nun amplo sentido da palabra realzando as relaci\u00f3ns positivas entre persoas usuarias e traballadoras mediante din\u00e1micas grupais e m\u00fasica en directo a cargo dos artistas locais Adri\u00e1n Vigo e David Taboada.<\/p>\n\n\n\n<p>A celebraci\u00f3n foi un \u00e9xito cunha participaci\u00f3n moi activa por parte das persoas usuarias: bailando, cantando, aplaudindo\u2026 A m\u00fasica \u00e9 un est\u00edmulo moi terap\u00e9utico para a maior\u00eda deles potenciando lembranzas do pasado e como nexo de uni\u00f3n entre eles e o grupo musical. Houbo unha interacci\u00f3n entre eles en todo momento creando un clima distendido e moi acolledor para todos.<\/p>\n\n\n\n<p>Finalmente tomamos uns pinchos todos xuntos!<\/p>\n\n\n\n<figure class=\"wp-block-gallery columns-2 is-cropped\"><ul class=\"blocks-gallery-grid\"><li class=\"blocks-gallery-item\"><figure><img loading=\"lazy\" width=\"1024\" height=\"768\" src=\"https:\/\/ocentrodedianacasa.igualdadebenestar.org\/wp-content\/uploads\/2022\/03\/Outros_celebracion-Dia-do-Amor-2-1024x768.jpg\" alt=\"\" data-id=\"2986\" data-full-url=\"https:\/\/ocentrodedianacasa.igualdadebenestar.org\/wp-content\/uploads\/2022\/03\/Outros_celebracion-Dia-do-Amor-2-scaled.jpg\" data-link=\"https:\/\/ocentrodedianacasa.igualdadebenestar.org\/?attachment_id=2986\" class=\"wp-image-2986\" srcset=\"https:\/\/ocentrodedianacasa.igualdadebenestar.org\/wp-content\/uploads\/2022\/03\/Outros_celebracion-Dia-do-Amor-2-1024x768.jpg 1024w, https:\/\/ocentrodedianacasa.igualdadebenestar.org\/wp-content\/uploads\/2022\/03\/Outros_celebracion-Dia-do-Amor-2-300x225.jpg 300w, https:\/\/ocentrodedianacasa.igualdadebenestar.org\/wp-content\/uploads\/2022\/03\/Outros_celebracion-Dia-do-Amor-2-768x576.jpg 768w, https:\/\/ocentrodedianacasa.igualdadebenestar.org\/wp-content\/uploads\/2022\/03\/Outros_celebracion-Dia-do-Amor-2-1536x1152.jpg 1536w, https:\/\/ocentrodedianacasa.igualdadebenestar.org\/wp-content\/uploads\/2022\/03\/Outros_celebracion-Dia-do-Amor-2-2048x1536.jpg 2048w\" sizes=\"(max-width: 1024px) 100vw, 1024px\" \/><\/figure><\/li><li class=\"blocks-gallery-item\"><figure><img loading=\"lazy\" width=\"1024\" height=\"768\" src=\"https:\/\/ocentrodedianacasa.igualdadebenestar.org\/wp-content\/uploads\/2022\/03\/Outros_celebracion-Dia-do-Amor-1-1024x768.jpg\" alt=\"\" data-id=\"2987\" data-full-url=\"https:\/\/ocentrodedianacasa.igualdadebenestar.org\/wp-content\/uploads\/2022\/03\/Outros_celebracion-Dia-do-Amor-1-scaled.jpg\" data-link=\"https:\/\/ocentrodedianacasa.igualdadebenestar.org\/?attachment_id=2987\" class=\"wp-image-2987\" srcset=\"https:\/\/ocentrodedianacasa.igualdadebenestar.org\/wp-content\/uploads\/2022\/03\/Outros_celebracion-Dia-do-Amor-1-1024x768.jpg 1024w, https:\/\/ocentrodedianacasa.igualdadebenestar.org\/wp-content\/uploads\/2022\/03\/Outros_celebracion-Dia-do-Amor-1-300x225.jpg 300w, https:\/\/ocentrodedianacasa.igualdadebenestar.org\/wp-content\/uploads\/2022\/03\/Outros_celebracion-Dia-do-Amor-1-768x576.jpg 768w, https:\/\/ocentrodedianacasa.igualdadebenestar.org\/wp-content\/uploads\/2022\/03\/Outros_celebracion-Dia-do-Amor-1-1536x1152.jpg 1536w, https:\/\/ocentrodedianacasa.igualdadebenestar.org\/wp-content\/uploads\/2022\/03\/Outros_celebracion-Dia-do-Amor-1-2048x1536.jpg 2048w\" sizes=\"(max-width: 1024px) 100vw, 1024px\" \/><\/figure><\/li><\/ul><\/figure>\n ","protected":false},"excerpt":{"rendered":"<p>O d\u00eda do AMOR no centro de d\u00eda de Begonte No centro de d\u00eda de celebramos este d\u00eda nun amplo sentido da palabra realzando as relaci\u00f3ns positivas entre persoas usuarias <a class=\"more-link\" href=\"https:\/\/ocentrodedianacasa.igualdadebenestar.org\/?p=2985\">Continue Reading &rarr;<\/a><\/p>\n","protected":false},"author":3,"featured_media":0,"comment_status":"open","ping_status":"open","sticky":false,"template":"","format":"aside","meta":[],"categories":[44],"tags":[],"post_mailing_queue_ids":[],"_links":{"self":[{"href":"https:\/\/ocentrodedianacasa.igualdadebenestar.org\/index.php?rest_route=\/wp\/v2\/posts\/2985"}],"collection":[{"href":"https:\/\/ocentrodedianacasa.igualdadebenestar.org\/index.php?rest_route=\/wp\/v2\/posts"}],"about":[{"href":"https:\/\/ocentrodedianacasa.igualdadebenestar.org\/index.php?rest_route=\/wp\/v2\/types\/post"}],"author":[{"embeddable":true,"href":"https:\/\/ocentrodedianacasa.igualdadebenestar.org\/index.php?rest_route=\/wp\/v2\/users\/3"}],"replies":[{"embeddable":true,"href":"https:\/\/ocentrodedianacasa.igualdadebenestar.org\/index.php?rest_route=%2Fwp%2Fv2%2Fcomments&post=2985"}],"version-history":[{"count":1,"href":"https:\/\/ocentrodedianacasa.igualdadebenestar.org\/index.php?rest_route=\/wp\/v2\/posts\/2985\/revisions"}],"predecessor-version":[{"id":2988,"href":"https:\/\/ocentrodedianacasa.igualdadebenestar.org\/index.php?rest_route=\/wp\/v2\/posts\/2985\/revisions\/2988"}],"wp:attachment":[{"href":"https:\/\/ocentrodedianacasa.igualdadebenestar.org\/index.php?rest_route=%2Fwp%2Fv2%2Fmedia&parent=2985"}],"wp:term":[{"taxonomy":"category","embeddable":true,"href":"https:\/\/ocentrodedianacasa.igualdadebenestar.org\/index.php?rest_route=%2Fwp%2Fv2%2Fcategories&post=2985"},{"taxonomy":"post_tag","embeddable":true,"href":"https:\/\/ocentrodedianacasa.igualdadebenestar.org\/index.php?rest_route=%2Fwp%2Fv2%2Ftags&post=2985"}],"curies":[{"name":"wp","href":"https:\/\/api.w.org\/{rel}","templated":true}]}}