{"id":2980,"date":"2022-03-30T07:29:00","date_gmt":"2022-03-30T05:29:00","guid":{"rendered":"https:\/\/ocentrodedianacasa.igualdadebenestar.org\/?p=2980"},"modified":"2022-03-29T08:28:22","modified_gmt":"2022-03-29T06:28:22","slug":"celebracion-do-8-de-marzo-no-centro-de-dia-de-redondela","status":"publish","type":"post","link":"https:\/\/ocentrodedianacasa.igualdadebenestar.org\/?p=2980","title":{"rendered":"8 de marzo no Centro de d\u00eda de Redondela"},"content":{"rendered":"\n<p class=\"has-large-font-size\"><strong>8 de marzo no Centro de d\u00eda de Redondela<\/strong><\/p>\n\n\n\n<p>Con motivo do 8 de marzo, D\u00eda da muller; argallamos un v\u00eddeo que consist\u00eda en visibilizar a importancia de reivindicar os dereitos das mulleres e da igualdade de oportunidades.<\/p>\n\n\n\n<p>Para elo realizamos varios debuxos de diferentes peitos que amosan as diferentes realidades das mulleres (por exemplo cancro de mama). Ademais fixemos un marco en cart\u00f3n que decoramos con mensaxes en aras dunha sociedade feminista, na que a muller te\u00f1a o reco\u00f1ecemento das capacidades e dos dereitos que tradicionalmente foron reservados para os homes.<\/p>\n\n\n\n<p>Para a elaboraci\u00f3n desta actividade nos apoiamos na canci\u00f3n de Rigoberta Bandini, cantante que as persoas usuarias co\u00f1eceron na actividade de lectura de prensa e que xerou debate, tras o seu paso polo festival no que se elixiu a canci\u00f3n que vai ir a Eurovisi\u00f3n.<\/p>\n\n\n\n<p>O lema da actividade \u00e9 o mesmo que empregou esta cantante. No tema musical e baixo a nosa interpretaci\u00f3n, asociamos que fai unha similitude na procura dos dereitos da muller, empregando algo m\u00e1is visual como pode ser a representaci\u00f3n dun peito feminino.<\/p>\n\n\n\n<p>Creemos que este tipo de actuaci\u00f3ns axudan a reivindicar pol\u00edticas feministas que finalmente fan que un pa\u00eds sexa m\u00e1is xusto para todas e todos.<\/p>\n\n\n\n<p>Agardamos que vos guste!<\/p>\n\n\n\n<figure class=\"wp-block-embed-youtube wp-block-embed is-type-video is-provider-youtube wp-embed-aspect-16-9 wp-has-aspect-ratio\"><div class=\"wp-block-embed__wrapper\">\n<iframe title=\"video 8m capm redondela IanQVeop\" width=\"678\" height=\"381\" src=\"https:\/\/www.youtube.com\/embed\/qq6H04NsgDA?feature=oembed\" frameborder=\"0\" allow=\"accelerometer; autoplay; clipboard-write; encrypted-media; gyroscope; picture-in-picture\" allowfullscreen><\/iframe>\n<\/div><\/figure>\n ","protected":false},"excerpt":{"rendered":"<p>8 de marzo no Centro de d\u00eda de Redondela Con motivo do 8 de marzo, D\u00eda da muller; argallamos un v\u00eddeo que consist\u00eda en visibilizar a importancia de reivindicar os <a class=\"more-link\" href=\"https:\/\/ocentrodedianacasa.igualdadebenestar.org\/?p=2980\">Continue Reading &rarr;<\/a><\/p>\n","protected":false},"author":3,"featured_media":0,"comment_status":"open","ping_status":"open","sticky":false,"template":"","format":"aside","meta":[],"categories":[44],"tags":[],"post_mailing_queue_ids":[],"_links":{"self":[{"href":"https:\/\/ocentrodedianacasa.igualdadebenestar.org\/index.php?rest_route=\/wp\/v2\/posts\/2980"}],"collection":[{"href":"https:\/\/ocentrodedianacasa.igualdadebenestar.org\/index.php?rest_route=\/wp\/v2\/posts"}],"about":[{"href":"https:\/\/ocentrodedianacasa.igualdadebenestar.org\/index.php?rest_route=\/wp\/v2\/types\/post"}],"author":[{"embeddable":true,"href":"https:\/\/ocentrodedianacasa.igualdadebenestar.org\/index.php?rest_route=\/wp\/v2\/users\/3"}],"replies":[{"embeddable":true,"href":"https:\/\/ocentrodedianacasa.igualdadebenestar.org\/index.php?rest_route=%2Fwp%2Fv2%2Fcomments&post=2980"}],"version-history":[{"count":3,"href":"https:\/\/ocentrodedianacasa.igualdadebenestar.org\/index.php?rest_route=\/wp\/v2\/posts\/2980\/revisions"}],"predecessor-version":[{"id":2983,"href":"https:\/\/ocentrodedianacasa.igualdadebenestar.org\/index.php?rest_route=\/wp\/v2\/posts\/2980\/revisions\/2983"}],"wp:attachment":[{"href":"https:\/\/ocentrodedianacasa.igualdadebenestar.org\/index.php?rest_route=%2Fwp%2Fv2%2Fmedia&parent=2980"}],"wp:term":[{"taxonomy":"category","embeddable":true,"href":"https:\/\/ocentrodedianacasa.igualdadebenestar.org\/index.php?rest_route=%2Fwp%2Fv2%2Fcategories&post=2980"},{"taxonomy":"post_tag","embeddable":true,"href":"https:\/\/ocentrodedianacasa.igualdadebenestar.org\/index.php?rest_route=%2Fwp%2Fv2%2Ftags&post=2980"}],"curies":[{"name":"wp","href":"https:\/\/api.w.org\/{rel}","templated":true}]}}