{"id":2969,"date":"2022-03-18T10:30:00","date_gmt":"2022-03-18T09:30:00","guid":{"rendered":"https:\/\/ocentrodedianacasa.igualdadebenestar.org\/?p=2969"},"modified":"2022-03-18T10:29:47","modified_gmt":"2022-03-18T09:29:47","slug":"entroido-no-centro-de-baleira-2022","status":"publish","type":"post","link":"https:\/\/ocentrodedianacasa.igualdadebenestar.org\/?p=2969","title":{"rendered":"Entroido con premio no centro de Baleira 2022"},"content":{"rendered":"\n<p class=\"has-large-font-size\"><strong>Entroido con premio no centro de Baleira 2022<\/strong><\/p>\n\n\n\n<p>O Concello de Baleira ten moita tradici\u00f3n ap\u00edcola, celebr\u00e1ndose dende fai uns anos unha feira do mel que atrae a apicultores de toda a monta\u00f1a lucense. Como non pod\u00eda ser doutro xeito, este ano decidimos crear para entroido a nosa propia colmea, onde non faltaba detalle: os apicultores, as flores, as propias abellas&#8230; As persoas usuarias do CAPM de Baleira traballaron arreo e a mostra podedes vela na seguinte foto.<\/p>\n\n\n\n<figure class=\"wp-block-image size-large\"><img loading=\"lazy\" width=\"545\" height=\"552\" src=\"https:\/\/ocentrodedianacasa.igualdadebenestar.org\/wp-content\/uploads\/2022\/03\/Captura-de-pantalla_2022-03-10_08-41-50.png\" alt=\"\" class=\"wp-image-2970\" srcset=\"https:\/\/ocentrodedianacasa.igualdadebenestar.org\/wp-content\/uploads\/2022\/03\/Captura-de-pantalla_2022-03-10_08-41-50.png 545w, https:\/\/ocentrodedianacasa.igualdadebenestar.org\/wp-content\/uploads\/2022\/03\/Captura-de-pantalla_2022-03-10_08-41-50-296x300.png 296w\" sizes=\"(max-width: 545px) 100vw, 545px\" \/><\/figure>\n\n\n\n<p>Despois do traballo realizado s\u00f3 nos quedou desfrutar do d\u00eda de entroido, onde tivemos a nosa axenda chea de actividades. Comezamos pola ma\u00f1\u00e1, caracteriz\u00e1ndonos, non quedou un s\u00f3 residente sen disfrazar e realizamos diferentes actividades l\u00fadicas con globos e ao ritmo da m\u00fasica. Moito nos fartamos de rir.<\/p>\n\n\n\n<figure class=\"wp-block-image size-large\"><img loading=\"lazy\" width=\"642\" height=\"573\" src=\"https:\/\/ocentrodedianacasa.igualdadebenestar.org\/wp-content\/uploads\/2022\/03\/Captura-de-pantalla_2022-03-10_08-42-05.png\" alt=\"\" class=\"wp-image-2971\" srcset=\"https:\/\/ocentrodedianacasa.igualdadebenestar.org\/wp-content\/uploads\/2022\/03\/Captura-de-pantalla_2022-03-10_08-42-05.png 642w, https:\/\/ocentrodedianacasa.igualdadebenestar.org\/wp-content\/uploads\/2022\/03\/Captura-de-pantalla_2022-03-10_08-42-05-300x268.png 300w\" sizes=\"(max-width: 642px) 100vw, 642px\" \/><\/figure>\n\n\n\n<p>\u00c1 tarde tocounos tarde de repostar\u00eda, onde realizamos unhas ricas filloas coa receita dunha das persoas residentes para presentarnos ao concurso do pobo. Unha vez rematada a tarefa puidemos escoitar un concerto que a asociaci\u00f3n cultural cami\u00f1o primitivo nos ofreceu no centro. Unha ledicia ver como os mais pequeni\u00f1os tocaban os instrumentos tradicionais.<\/p>\n\n\n\n<p>Para rematar a xornada, acheg\u00e1monos ao polideportivo do colexio para participar do concurso de disfraces. Al\u00ed desfilamos, bailamos, cantamos e volvemos esgotados para a residencia. Vi\u00f1emos coas mans cargadas, xa que as persoas residentes ga\u00f1aron o premio ao disfrace m\u00e1is orixinal.<\/p>\n\n\n\n<figure class=\"wp-block-image size-large is-resized is-style-rounded\"><img loading=\"lazy\" src=\"https:\/\/ocentrodedianacasa.igualdadebenestar.org\/wp-content\/uploads\/2022\/03\/WhatsApp-Image-2022-02-28-at-22.31.24-614x1024.jpeg\" alt=\"\" class=\"wp-image-2973\" width=\"184\" height=\"307\" srcset=\"https:\/\/ocentrodedianacasa.igualdadebenestar.org\/wp-content\/uploads\/2022\/03\/WhatsApp-Image-2022-02-28-at-22.31.24-614x1024.jpeg 614w, https:\/\/ocentrodedianacasa.igualdadebenestar.org\/wp-content\/uploads\/2022\/03\/WhatsApp-Image-2022-02-28-at-22.31.24-180x300.jpeg 180w, https:\/\/ocentrodedianacasa.igualdadebenestar.org\/wp-content\/uploads\/2022\/03\/WhatsApp-Image-2022-02-28-at-22.31.24-768x1280.jpeg 768w, https:\/\/ocentrodedianacasa.igualdadebenestar.org\/wp-content\/uploads\/2022\/03\/WhatsApp-Image-2022-02-28-at-22.31.24.jpeg 864w\" sizes=\"(max-width: 184px) 100vw, 184px\" \/><\/figure>\n ","protected":false},"excerpt":{"rendered":"<p>Entroido con premio no centro de Baleira 2022 O Concello de Baleira ten moita tradici\u00f3n ap\u00edcola, celebr\u00e1ndose dende fai uns anos unha feira do mel que atrae a apicultores de <a class=\"more-link\" href=\"https:\/\/ocentrodedianacasa.igualdadebenestar.org\/?p=2969\">Continue Reading &rarr;<\/a><\/p>\n","protected":false},"author":3,"featured_media":0,"comment_status":"open","ping_status":"open","sticky":false,"template":"","format":"aside","meta":[],"categories":[44],"tags":[],"post_mailing_queue_ids":[],"_links":{"self":[{"href":"https:\/\/ocentrodedianacasa.igualdadebenestar.org\/index.php?rest_route=\/wp\/v2\/posts\/2969"}],"collection":[{"href":"https:\/\/ocentrodedianacasa.igualdadebenestar.org\/index.php?rest_route=\/wp\/v2\/posts"}],"about":[{"href":"https:\/\/ocentrodedianacasa.igualdadebenestar.org\/index.php?rest_route=\/wp\/v2\/types\/post"}],"author":[{"embeddable":true,"href":"https:\/\/ocentrodedianacasa.igualdadebenestar.org\/index.php?rest_route=\/wp\/v2\/users\/3"}],"replies":[{"embeddable":true,"href":"https:\/\/ocentrodedianacasa.igualdadebenestar.org\/index.php?rest_route=%2Fwp%2Fv2%2Fcomments&post=2969"}],"version-history":[{"count":5,"href":"https:\/\/ocentrodedianacasa.igualdadebenestar.org\/index.php?rest_route=\/wp\/v2\/posts\/2969\/revisions"}],"predecessor-version":[{"id":2989,"href":"https:\/\/ocentrodedianacasa.igualdadebenestar.org\/index.php?rest_route=\/wp\/v2\/posts\/2969\/revisions\/2989"}],"wp:attachment":[{"href":"https:\/\/ocentrodedianacasa.igualdadebenestar.org\/index.php?rest_route=%2Fwp%2Fv2%2Fmedia&parent=2969"}],"wp:term":[{"taxonomy":"category","embeddable":true,"href":"https:\/\/ocentrodedianacasa.igualdadebenestar.org\/index.php?rest_route=%2Fwp%2Fv2%2Fcategories&post=2969"},{"taxonomy":"post_tag","embeddable":true,"href":"https:\/\/ocentrodedianacasa.igualdadebenestar.org\/index.php?rest_route=%2Fwp%2Fv2%2Ftags&post=2969"}],"curies":[{"name":"wp","href":"https:\/\/api.w.org\/{rel}","templated":true}]}}