{"id":2965,"date":"2022-03-18T10:29:00","date_gmt":"2022-03-18T09:29:00","guid":{"rendered":"https:\/\/ocentrodedianacasa.igualdadebenestar.org\/?p=2965"},"modified":"2022-03-18T10:31:15","modified_gmt":"2022-03-18T09:31:15","slug":"8-de-marzo-dia-da-muller-dende-o-centro-de-dia-de-ferrol-caranza","status":"publish","type":"post","link":"https:\/\/ocentrodedianacasa.igualdadebenestar.org\/?p=2965","title":{"rendered":"8 de marzo, D\u00eda da muller  dende o centro de d\u00eda de Ferrol Caranza"},"content":{"rendered":"\n<p class=\"has-large-font-size\"><strong>8 de marzo, D\u00eda da muller dende o centro de d\u00eda de Ferrol Caranza<\/strong><\/p>\n\n\n\n<p>Cada 8 de marzo, conmem\u00f3rase o &#8220;D\u00eda Internacional da Muller&#8221;. Esta efem\u00e9ride debe comprometernos coa construci\u00f3n dun futuro m\u00e1is xusto e  igualitario. Reivindicase polo tanto, un futuro sen estereotipos, sen desigualdades e sen violencia de x\u00e9nero, en t\u00f3dolos \u00e1mbitos da vida. <\/p>\n\n\n\n<p>A forza do movemento do 8M en todo o mundo traspasa fronteiras, diferencias culturais, econ\u00f3micas, ideol\u00f3xicas e de calquera \u00edndole. <\/p>\n\n\n\n<p>As mulleres unidas te\u00f1en o poder de mudar o mundo.<\/p>\n\n\n\n<figure class=\"wp-block-gallery columns-2 is-cropped\"><ul class=\"blocks-gallery-grid\"><li class=\"blocks-gallery-item\"><figure><img loading=\"lazy\" width=\"1024\" height=\"592\" src=\"https:\/\/ocentrodedianacasa.igualdadebenestar.org\/wp-content\/uploads\/2022\/03\/8M_8-1024x592.jpg\" alt=\"\" data-id=\"2966\" data-full-url=\"https:\/\/ocentrodedianacasa.igualdadebenestar.org\/wp-content\/uploads\/2022\/03\/8M_8.jpg\" data-link=\"https:\/\/ocentrodedianacasa.igualdadebenestar.org\/?attachment_id=2966\" class=\"wp-image-2966\" srcset=\"https:\/\/ocentrodedianacasa.igualdadebenestar.org\/wp-content\/uploads\/2022\/03\/8M_8-1024x592.jpg 1024w, https:\/\/ocentrodedianacasa.igualdadebenestar.org\/wp-content\/uploads\/2022\/03\/8M_8-300x173.jpg 300w, https:\/\/ocentrodedianacasa.igualdadebenestar.org\/wp-content\/uploads\/2022\/03\/8M_8-768x444.jpg 768w, https:\/\/ocentrodedianacasa.igualdadebenestar.org\/wp-content\/uploads\/2022\/03\/8M_8-1536x887.jpg 1536w, https:\/\/ocentrodedianacasa.igualdadebenestar.org\/wp-content\/uploads\/2022\/03\/8M_8.jpg 1999w\" sizes=\"(max-width: 1024px) 100vw, 1024px\" \/><\/figure><\/li><li class=\"blocks-gallery-item\"><figure><img loading=\"lazy\" width=\"526\" height=\"1024\" src=\"https:\/\/ocentrodedianacasa.igualdadebenestar.org\/wp-content\/uploads\/2022\/03\/8M_2-526x1024.jpg\" alt=\"\" data-id=\"2967\" data-full-url=\"https:\/\/ocentrodedianacasa.igualdadebenestar.org\/wp-content\/uploads\/2022\/03\/8M_2-scaled.jpg\" data-link=\"https:\/\/ocentrodedianacasa.igualdadebenestar.org\/?attachment_id=2967\" class=\"wp-image-2967\" srcset=\"https:\/\/ocentrodedianacasa.igualdadebenestar.org\/wp-content\/uploads\/2022\/03\/8M_2-526x1024.jpg 526w, https:\/\/ocentrodedianacasa.igualdadebenestar.org\/wp-content\/uploads\/2022\/03\/8M_2-154x300.jpg 154w, https:\/\/ocentrodedianacasa.igualdadebenestar.org\/wp-content\/uploads\/2022\/03\/8M_2-768x1495.jpg 768w, https:\/\/ocentrodedianacasa.igualdadebenestar.org\/wp-content\/uploads\/2022\/03\/8M_2-789x1536.jpg 789w, https:\/\/ocentrodedianacasa.igualdadebenestar.org\/wp-content\/uploads\/2022\/03\/8M_2-1052x2048.jpg 1052w, https:\/\/ocentrodedianacasa.igualdadebenestar.org\/wp-content\/uploads\/2022\/03\/8M_2-scaled.jpg 1315w\" sizes=\"(max-width: 526px) 100vw, 526px\" \/><\/figure><\/li><\/ul><\/figure>\n\n\n\n<p><\/p>\n\n\n\n<p><\/p>\n\n\n\n<p><\/p>\n\n\n\n<p><\/p>\n ","protected":false},"excerpt":{"rendered":"<p>8 de marzo, D\u00eda da muller dende o centro de d\u00eda de Ferrol Caranza Cada 8 de marzo, conmem\u00f3rase o &#8220;D\u00eda Internacional da Muller&#8221;. Esta efem\u00e9ride debe comprometernos coa construci\u00f3n <a class=\"more-link\" href=\"https:\/\/ocentrodedianacasa.igualdadebenestar.org\/?p=2965\">Continue Reading &rarr;<\/a><\/p>\n","protected":false},"author":3,"featured_media":0,"comment_status":"open","ping_status":"open","sticky":false,"template":"","format":"aside","meta":[],"categories":[44],"tags":[],"post_mailing_queue_ids":[],"_links":{"self":[{"href":"https:\/\/ocentrodedianacasa.igualdadebenestar.org\/index.php?rest_route=\/wp\/v2\/posts\/2965"}],"collection":[{"href":"https:\/\/ocentrodedianacasa.igualdadebenestar.org\/index.php?rest_route=\/wp\/v2\/posts"}],"about":[{"href":"https:\/\/ocentrodedianacasa.igualdadebenestar.org\/index.php?rest_route=\/wp\/v2\/types\/post"}],"author":[{"embeddable":true,"href":"https:\/\/ocentrodedianacasa.igualdadebenestar.org\/index.php?rest_route=\/wp\/v2\/users\/3"}],"replies":[{"embeddable":true,"href":"https:\/\/ocentrodedianacasa.igualdadebenestar.org\/index.php?rest_route=%2Fwp%2Fv2%2Fcomments&post=2965"}],"version-history":[{"count":2,"href":"https:\/\/ocentrodedianacasa.igualdadebenestar.org\/index.php?rest_route=\/wp\/v2\/posts\/2965\/revisions"}],"predecessor-version":[{"id":2990,"href":"https:\/\/ocentrodedianacasa.igualdadebenestar.org\/index.php?rest_route=\/wp\/v2\/posts\/2965\/revisions\/2990"}],"wp:attachment":[{"href":"https:\/\/ocentrodedianacasa.igualdadebenestar.org\/index.php?rest_route=%2Fwp%2Fv2%2Fmedia&parent=2965"}],"wp:term":[{"taxonomy":"category","embeddable":true,"href":"https:\/\/ocentrodedianacasa.igualdadebenestar.org\/index.php?rest_route=%2Fwp%2Fv2%2Fcategories&post=2965"},{"taxonomy":"post_tag","embeddable":true,"href":"https:\/\/ocentrodedianacasa.igualdadebenestar.org\/index.php?rest_route=%2Fwp%2Fv2%2Ftags&post=2965"}],"curies":[{"name":"wp","href":"https:\/\/api.w.org\/{rel}","templated":true}]}}