{"id":2958,"date":"2022-03-08T10:51:29","date_gmt":"2022-03-08T09:51:29","guid":{"rendered":"https:\/\/ocentrodedianacasa.igualdadebenestar.org\/?p=2958"},"modified":"2022-03-08T10:52:45","modified_gmt":"2022-03-08T09:52:45","slug":"obra-teatral-no-centro-de-dia-de-dodro","status":"publish","type":"post","link":"https:\/\/ocentrodedianacasa.igualdadebenestar.org\/?p=2958","title":{"rendered":"Obra teatral no centro de d\u00eda de Dodro"},"content":{"rendered":"\n<p class=\"has-text-align-center has-large-font-size\"><strong>Obra teatral no centro de d\u00eda de Dodro<\/strong><\/p>\n\n\n\n<p>Este Entroido 2022 usuarias e traballadoras representamos a obra teatral \u201cSomos galegas na l\u00faa\u201d. En varios obradoiros, as persoas usuarias botaron a voar a s\u00faa imaxinaci\u00f3n e respond\u00e9ronse \u00e1s preguntas: \u00bfcomo \u00e9 a l\u00faa?, \u00bfque aspecto ter\u00e1 un extraterrestre?, \u00bfque acontecementos poder\u00edan xurdir se viax\u00e1semos \u00e1 l\u00faa? A partir de a\u00ed, fixemos o dese\u00f1o do vestiario, escenograf\u00eda e escribimos o gui\u00f3n. Tras varios d\u00edas de ensaios , o elenco de actrices representou a obra para o resto de compa\u00f1eiras\/os e traballadoras o Martes de Entroido, coa gran ausencia de familiares. A obra, con ton c\u00f3mico, faille un chico a grandes fitos relacionados coa historia espacial e a personaxes e pel\u00edculas ic\u00f3nicas que te\u00f1en como tem\u00e1tica o espazo ou a vida extraterrestre ( Alien, ET, Star Trek, A guerra das galaxias, etc.). Animamos \u00e1 xente a participar na marabillosa vida teatreira que tantas alegr\u00edas e momentos inesquecibles nos d\u00e1.<\/p>\n\n\n\n<div class=\"wp-block-group\"><div class=\"wp-block-group__inner-container\">\n<figure class=\"wp-block-gallery columns-1 is-cropped\"><ul class=\"blocks-gallery-grid\"><li class=\"blocks-gallery-item\"><figure><img loading=\"lazy\" width=\"624\" height=\"540\" src=\"https:\/\/ocentrodedianacasa.igualdadebenestar.org\/wp-content\/uploads\/2022\/03\/Captura-de-pantalla_2022-03-08_10-46-58.png\" alt=\"\" data-id=\"2959\" data-full-url=\"https:\/\/ocentrodedianacasa.igualdadebenestar.org\/wp-content\/uploads\/2022\/03\/Captura-de-pantalla_2022-03-08_10-46-58.png\" data-link=\"https:\/\/ocentrodedianacasa.igualdadebenestar.org\/?attachment_id=2959\" class=\"wp-image-2959\" srcset=\"https:\/\/ocentrodedianacasa.igualdadebenestar.org\/wp-content\/uploads\/2022\/03\/Captura-de-pantalla_2022-03-08_10-46-58.png 624w, https:\/\/ocentrodedianacasa.igualdadebenestar.org\/wp-content\/uploads\/2022\/03\/Captura-de-pantalla_2022-03-08_10-46-58-300x260.png 300w\" sizes=\"(max-width: 624px) 100vw, 624px\" \/><\/figure><\/li><\/ul><\/figure>\n<\/div><\/div>\n ","protected":false},"excerpt":{"rendered":"<p>Obra teatral no centro de d\u00eda de Dodro Este Entroido 2022 usuarias e traballadoras representamos a obra teatral \u201cSomos galegas na l\u00faa\u201d. En varios obradoiros, as persoas usuarias botaron a <a class=\"more-link\" href=\"https:\/\/ocentrodedianacasa.igualdadebenestar.org\/?p=2958\">Continue Reading &rarr;<\/a><\/p>\n","protected":false},"author":3,"featured_media":0,"comment_status":"open","ping_status":"open","sticky":false,"template":"","format":"aside","meta":[],"categories":[44],"tags":[],"post_mailing_queue_ids":[],"_links":{"self":[{"href":"https:\/\/ocentrodedianacasa.igualdadebenestar.org\/index.php?rest_route=\/wp\/v2\/posts\/2958"}],"collection":[{"href":"https:\/\/ocentrodedianacasa.igualdadebenestar.org\/index.php?rest_route=\/wp\/v2\/posts"}],"about":[{"href":"https:\/\/ocentrodedianacasa.igualdadebenestar.org\/index.php?rest_route=\/wp\/v2\/types\/post"}],"author":[{"embeddable":true,"href":"https:\/\/ocentrodedianacasa.igualdadebenestar.org\/index.php?rest_route=\/wp\/v2\/users\/3"}],"replies":[{"embeddable":true,"href":"https:\/\/ocentrodedianacasa.igualdadebenestar.org\/index.php?rest_route=%2Fwp%2Fv2%2Fcomments&post=2958"}],"version-history":[{"count":2,"href":"https:\/\/ocentrodedianacasa.igualdadebenestar.org\/index.php?rest_route=\/wp\/v2\/posts\/2958\/revisions"}],"predecessor-version":[{"id":2961,"href":"https:\/\/ocentrodedianacasa.igualdadebenestar.org\/index.php?rest_route=\/wp\/v2\/posts\/2958\/revisions\/2961"}],"wp:attachment":[{"href":"https:\/\/ocentrodedianacasa.igualdadebenestar.org\/index.php?rest_route=%2Fwp%2Fv2%2Fmedia&parent=2958"}],"wp:term":[{"taxonomy":"category","embeddable":true,"href":"https:\/\/ocentrodedianacasa.igualdadebenestar.org\/index.php?rest_route=%2Fwp%2Fv2%2Fcategories&post=2958"},{"taxonomy":"post_tag","embeddable":true,"href":"https:\/\/ocentrodedianacasa.igualdadebenestar.org\/index.php?rest_route=%2Fwp%2Fv2%2Ftags&post=2958"}],"curies":[{"name":"wp","href":"https:\/\/api.w.org\/{rel}","templated":true}]}}