{"id":2926,"date":"2022-03-02T09:43:49","date_gmt":"2022-03-02T08:43:49","guid":{"rendered":"https:\/\/ocentrodedianacasa.igualdadebenestar.org\/?p=2926"},"modified":"2022-03-11T10:16:48","modified_gmt":"2022-03-11T09:16:48","slug":"caretas-de-antroido-dende-redondela","status":"publish","type":"post","link":"https:\/\/ocentrodedianacasa.igualdadebenestar.org\/?p=2926","title":{"rendered":"Caretas de Entroido dende Redondela"},"content":{"rendered":"\n<p>En Galicia esta fortemente arraigado o Entroido, de feito hai oito zonas que exhiben con orgullo a calificaci\u00f3n oficial de &#8220;Festa de Interese Tur\u00edstico&#8221;. Polo cal dende o centro de Redondela decidimos realizar caretas para decorar o espazo e as\u00ed traballar a destreza manual e a estimulaci\u00f3n cognitiva.<\/p>\n\n\n\n<p>Aqu\u00ed vos deixamos unha mostra do noso obradoiro de Entroido as\u00ed como as instruci\u00f3ns para que vos animedes a facelas.<\/p>\n\n\n\n<p><strong>Precisamos:<\/strong><\/p>\n\n\n\n<ul><li>Globos<\/li><li>Papel de peri\u00f3dico<\/li><li>Pinturas de diversas cores (ao gusto)<\/li><li>Elementos decorativos, tales como follas de fento (ou calquera herba que te\u00f1ades \u00e1 man e que vos guste), l\u00e1, plumas&#8230;.<\/li><li>Cola branca<\/li><li>Rotulador negro<\/li><\/ul>\n\n\n\n<p><strong>Elaboraci\u00f3n:<\/strong><\/p>\n\n\n\n<p>Comezamos inflando globos dun tama\u00f1o un pouco mais grande que a cabeza dun adulto.<\/p>\n\n\n\n<p>Logo cubriremos os globos cunha capa de papel de peri\u00f3dico con cola branca.<\/p>\n\n\n\n<div class=\"wp-block-group\"><div class=\"wp-block-group__inner-container\">\n<div class=\"wp-block-group\"><div class=\"wp-block-group__inner-container\">\n<figure class=\"wp-block-gallery columns-2 is-cropped\"><ul class=\"blocks-gallery-grid\"><li class=\"blocks-gallery-item\"><figure><img loading=\"lazy\" width=\"819\" height=\"1024\" src=\"https:\/\/ocentrodedianacasa.igualdadebenestar.org\/wp-content\/uploads\/2022\/03\/REDONDELA_ENTROIDO_1-819x1024.jpg\" alt=\"\" data-id=\"2934\" data-full-url=\"https:\/\/ocentrodedianacasa.igualdadebenestar.org\/wp-content\/uploads\/2022\/03\/REDONDELA_ENTROIDO_1-scaled.jpg\" data-link=\"https:\/\/ocentrodedianacasa.igualdadebenestar.org\/?attachment_id=2934\" class=\"wp-image-2934\" srcset=\"https:\/\/ocentrodedianacasa.igualdadebenestar.org\/wp-content\/uploads\/2022\/03\/REDONDELA_ENTROIDO_1-819x1024.jpg 819w, https:\/\/ocentrodedianacasa.igualdadebenestar.org\/wp-content\/uploads\/2022\/03\/REDONDELA_ENTROIDO_1-240x300.jpg 240w, https:\/\/ocentrodedianacasa.igualdadebenestar.org\/wp-content\/uploads\/2022\/03\/REDONDELA_ENTROIDO_1-768x960.jpg 768w, https:\/\/ocentrodedianacasa.igualdadebenestar.org\/wp-content\/uploads\/2022\/03\/REDONDELA_ENTROIDO_1-1228x1536.jpg 1228w, https:\/\/ocentrodedianacasa.igualdadebenestar.org\/wp-content\/uploads\/2022\/03\/REDONDELA_ENTROIDO_1-1638x2048.jpg 1638w, https:\/\/ocentrodedianacasa.igualdadebenestar.org\/wp-content\/uploads\/2022\/03\/REDONDELA_ENTROIDO_1-scaled.jpg 2047w\" sizes=\"(max-width: 819px) 100vw, 819px\" \/><\/figure><\/li><li class=\"blocks-gallery-item\"><figure><img loading=\"lazy\" width=\"768\" height=\"1024\" src=\"https:\/\/ocentrodedianacasa.igualdadebenestar.org\/wp-content\/uploads\/2022\/03\/REDONDELA_ENTROIDO_2-1-768x1024.jpg\" alt=\"\" data-id=\"2930\" data-full-url=\"https:\/\/ocentrodedianacasa.igualdadebenestar.org\/wp-content\/uploads\/2022\/03\/REDONDELA_ENTROIDO_2-1.jpg\" data-link=\"https:\/\/ocentrodedianacasa.igualdadebenestar.org\/?attachment_id=2930\" class=\"wp-image-2930\" srcset=\"https:\/\/ocentrodedianacasa.igualdadebenestar.org\/wp-content\/uploads\/2022\/03\/REDONDELA_ENTROIDO_2-1-768x1024.jpg 768w, https:\/\/ocentrodedianacasa.igualdadebenestar.org\/wp-content\/uploads\/2022\/03\/REDONDELA_ENTROIDO_2-1-225x300.jpg 225w, https:\/\/ocentrodedianacasa.igualdadebenestar.org\/wp-content\/uploads\/2022\/03\/REDONDELA_ENTROIDO_2-1-1152x1536.jpg 1152w, https:\/\/ocentrodedianacasa.igualdadebenestar.org\/wp-content\/uploads\/2022\/03\/REDONDELA_ENTROIDO_2-1.jpg 1200w\" sizes=\"(max-width: 768px) 100vw, 768px\" \/><\/figure><\/li><\/ul><\/figure>\n<\/div><\/div>\n<\/div><\/div>\n\n\n\n<p>E convinte darlle un par de capas ata que queden duras e consistentes, entre capa e capa podemos aproveitar para secalas o sol, a n\u00f3s cun par de horas foinos suficiente.<\/p>\n\n\n\n<figure class=\"wp-block-image size-large is-resized is-style-rounded\"><img loading=\"lazy\" src=\"https:\/\/ocentrodedianacasa.igualdadebenestar.org\/wp-content\/uploads\/2022\/03\/REDONDELA_ENTROIDO_3-717x1024.jpg\" alt=\"\" class=\"wp-image-2931\" width=\"184\" height=\"263\" srcset=\"https:\/\/ocentrodedianacasa.igualdadebenestar.org\/wp-content\/uploads\/2022\/03\/REDONDELA_ENTROIDO_3-717x1024.jpg 717w, https:\/\/ocentrodedianacasa.igualdadebenestar.org\/wp-content\/uploads\/2022\/03\/REDONDELA_ENTROIDO_3-210x300.jpg 210w, https:\/\/ocentrodedianacasa.igualdadebenestar.org\/wp-content\/uploads\/2022\/03\/REDONDELA_ENTROIDO_3-768x1096.jpg 768w, https:\/\/ocentrodedianacasa.igualdadebenestar.org\/wp-content\/uploads\/2022\/03\/REDONDELA_ENTROIDO_3-1076x1536.jpg 1076w, https:\/\/ocentrodedianacasa.igualdadebenestar.org\/wp-content\/uploads\/2022\/03\/REDONDELA_ENTROIDO_3-1435x2048.jpg 1435w, https:\/\/ocentrodedianacasa.igualdadebenestar.org\/wp-content\/uploads\/2022\/03\/REDONDELA_ENTROIDO_3-scaled.jpg 1793w\" sizes=\"(max-width: 184px) 100vw, 184px\" \/><\/figure>\n\n\n\n<p>Agora queda o traballo m\u00e1is divertido, decoralas, para elo buscamos algunhas caretas t\u00edpicas do entroido de Galicia. N\u00f3s inspir\u00e1monos nos cigarr\u00f3ns e peliqueiros.<\/p>\n\n\n\n<figure class=\"wp-block-image size-large is-resized is-style-rounded\"><img loading=\"lazy\" src=\"https:\/\/ocentrodedianacasa.igualdadebenestar.org\/wp-content\/uploads\/2022\/03\/REDONDELA_ENTORIDO_4-1-711x1024.jpg\" alt=\"\" class=\"wp-image-2929\" width=\"196\" height=\"282\" srcset=\"https:\/\/ocentrodedianacasa.igualdadebenestar.org\/wp-content\/uploads\/2022\/03\/REDONDELA_ENTORIDO_4-1-711x1024.jpg 711w, https:\/\/ocentrodedianacasa.igualdadebenestar.org\/wp-content\/uploads\/2022\/03\/REDONDELA_ENTORIDO_4-1-208x300.jpg 208w, https:\/\/ocentrodedianacasa.igualdadebenestar.org\/wp-content\/uploads\/2022\/03\/REDONDELA_ENTORIDO_4-1-768x1107.jpg 768w, https:\/\/ocentrodedianacasa.igualdadebenestar.org\/wp-content\/uploads\/2022\/03\/REDONDELA_ENTORIDO_4-1-1066x1536.jpg 1066w, https:\/\/ocentrodedianacasa.igualdadebenestar.org\/wp-content\/uploads\/2022\/03\/REDONDELA_ENTORIDO_4-1-1421x2048.jpg 1421w, https:\/\/ocentrodedianacasa.igualdadebenestar.org\/wp-content\/uploads\/2022\/03\/REDONDELA_ENTORIDO_4-1-scaled.jpg 1776w\" sizes=\"(max-width: 196px) 100vw, 196px\" \/><\/figure>\n\n\n\n<p>Cunha tesoira ou un c\u00fater debemos recortar seguindo o debuxo, para a continuaci\u00f3n como figura de calco\/patr\u00f3n empezaremos a pintala con pintura acr\u00edlica que cubre mellor o peri\u00f3dico.<\/p>\n\n\n\n<p>Logo con cola branca p\u00f3dese engadir alg\u00fans detalles (follas de fento, l\u00e1, plumas&#8230;) co dese\u00f1o que m\u00e1is vos guste na superior da pantalla.<\/p>\n\n\n\n<p>Por ultimo, cun rotulador negro perfilaremos os detalles (como ollos, nariz, pestanas) e xa estar\u00eda lista.<\/p>\n\n\n\n<figure class=\"wp-block-image size-large is-resized is-style-rounded\"><img loading=\"lazy\" src=\"https:\/\/ocentrodedianacasa.igualdadebenestar.org\/wp-content\/uploads\/2022\/03\/REDONDELA_ENTROIDO_5-1024x624.jpg\" alt=\"\" class=\"wp-image-2933\" width=\"408\" height=\"248\" srcset=\"https:\/\/ocentrodedianacasa.igualdadebenestar.org\/wp-content\/uploads\/2022\/03\/REDONDELA_ENTROIDO_5-1024x624.jpg 1024w, https:\/\/ocentrodedianacasa.igualdadebenestar.org\/wp-content\/uploads\/2022\/03\/REDONDELA_ENTROIDO_5-300x183.jpg 300w, https:\/\/ocentrodedianacasa.igualdadebenestar.org\/wp-content\/uploads\/2022\/03\/REDONDELA_ENTROIDO_5-768x468.jpg 768w, https:\/\/ocentrodedianacasa.igualdadebenestar.org\/wp-content\/uploads\/2022\/03\/REDONDELA_ENTROIDO_5-1536x936.jpg 1536w, https:\/\/ocentrodedianacasa.igualdadebenestar.org\/wp-content\/uploads\/2022\/03\/REDONDELA_ENTROIDO_5-2048x1249.jpg 2048w\" sizes=\"(max-width: 408px) 100vw, 408px\" \/><\/figure>\n\n\n\n<p>Esperamos que pasedes un tempo tan agradable como o que pasamos n\u00f3s!!!<\/p>\n\n\n\n<figure class=\"wp-block-gallery columns-0 is-cropped\"><ul class=\"blocks-gallery-grid\"><\/ul><\/figure>\n ","protected":false},"excerpt":{"rendered":"<p>En Galicia esta fortemente arraigado o Entroido, de feito hai oito zonas que exhiben con orgullo a calificaci\u00f3n oficial de &#8220;Festa de Interese Tur\u00edstico&#8221;. Polo cal dende o centro de <a class=\"more-link\" href=\"https:\/\/ocentrodedianacasa.igualdadebenestar.org\/?p=2926\">Continue Reading &rarr;<\/a><\/p>\n","protected":false},"author":3,"featured_media":0,"comment_status":"open","ping_status":"open","sticky":false,"template":"","format":"standard","meta":[],"categories":[20],"tags":[],"post_mailing_queue_ids":[],"_links":{"self":[{"href":"https:\/\/ocentrodedianacasa.igualdadebenestar.org\/index.php?rest_route=\/wp\/v2\/posts\/2926"}],"collection":[{"href":"https:\/\/ocentrodedianacasa.igualdadebenestar.org\/index.php?rest_route=\/wp\/v2\/posts"}],"about":[{"href":"https:\/\/ocentrodedianacasa.igualdadebenestar.org\/index.php?rest_route=\/wp\/v2\/types\/post"}],"author":[{"embeddable":true,"href":"https:\/\/ocentrodedianacasa.igualdadebenestar.org\/index.php?rest_route=\/wp\/v2\/users\/3"}],"replies":[{"embeddable":true,"href":"https:\/\/ocentrodedianacasa.igualdadebenestar.org\/index.php?rest_route=%2Fwp%2Fv2%2Fcomments&post=2926"}],"version-history":[{"count":4,"href":"https:\/\/ocentrodedianacasa.igualdadebenestar.org\/index.php?rest_route=\/wp\/v2\/posts\/2926\/revisions"}],"predecessor-version":[{"id":2979,"href":"https:\/\/ocentrodedianacasa.igualdadebenestar.org\/index.php?rest_route=\/wp\/v2\/posts\/2926\/revisions\/2979"}],"wp:attachment":[{"href":"https:\/\/ocentrodedianacasa.igualdadebenestar.org\/index.php?rest_route=%2Fwp%2Fv2%2Fmedia&parent=2926"}],"wp:term":[{"taxonomy":"category","embeddable":true,"href":"https:\/\/ocentrodedianacasa.igualdadebenestar.org\/index.php?rest_route=%2Fwp%2Fv2%2Fcategories&post=2926"},{"taxonomy":"post_tag","embeddable":true,"href":"https:\/\/ocentrodedianacasa.igualdadebenestar.org\/index.php?rest_route=%2Fwp%2Fv2%2Ftags&post=2926"}],"curies":[{"name":"wp","href":"https:\/\/api.w.org\/{rel}","templated":true}]}}