{"id":2922,"date":"2022-02-24T14:17:00","date_gmt":"2022-02-24T13:17:00","guid":{"rendered":"https:\/\/ocentrodedianacasa.igualdadebenestar.org\/?p=2922"},"modified":"2022-02-11T14:22:26","modified_gmt":"2022-02-11T13:22:26","slug":"terceiros-en-idade-primeiros-en-reciclar-dende-centro-de-dia-begonte","status":"publish","type":"post","link":"https:\/\/ocentrodedianacasa.igualdadebenestar.org\/?p=2922","title":{"rendered":"\u201cTERCEIROS EN IDADE, PRIMEIROS EN RECICLAR\u201d dende Centro de d\u00eda Begonte"},"content":{"rendered":"\n<p>A Xunta de Galicia en colaboraci\u00f3n con Ecoembes, desarrollaron o programa \u201cTerceiros en idade, primeiros en reciclar\u201d co obxectivo de acercar a reciclaxe aos centros de maiores.<\/p>\n\n\n\n<p>Os t\u00e9cnicos imparten unha formaci\u00f3n espec\u00edfica de reciclaxe \u00e1s traballadoras que puideron participar e a posteriori realizaron un bingo de imaxes de reciclaxe coas persoas usuarias.<\/p>\n\n\n\n<p>Os obxectivos da actividade:<\/p>\n\n\n\n<ul><li>Proporcionar cubos e papeleiras para a recollida selectiva, de envases lixeiros de pl\u00e1stico, latas e bricks (contenedor amarelo) e de papel cart\u00f3n (contenedor azul) nos centros de maiores.<\/li><li>Formar aos profesionais do centro de maiores na recollida selectiva<\/li><li>Realizar unha actividade formativa de reciclaxe dirixida a maiores usuarios de cada centro<\/li><\/ul>\n\n\n\n<p>As persoas usuarias participantes valoraron moi positivamente a actividade.<\/p>\n\n\n\n<div class=\"wp-block-group\"><div class=\"wp-block-group__inner-container\">\n<figure class=\"wp-block-gallery columns-2\"><ul class=\"blocks-gallery-grid\"><li class=\"blocks-gallery-item\"><figure><img loading=\"lazy\" width=\"753\" height=\"1024\" src=\"https:\/\/ocentrodedianacasa.igualdadebenestar.org\/wp-content\/uploads\/2022\/02\/BEGONTE_OUTROS-CAMPANA-DE-RECICLAXE-1-753x1024.jpg\" alt=\"\" data-id=\"2923\" data-full-url=\"https:\/\/ocentrodedianacasa.igualdadebenestar.org\/wp-content\/uploads\/2022\/02\/BEGONTE_OUTROS-CAMPANA-DE-RECICLAXE-1-scaled.jpg\" data-link=\"https:\/\/ocentrodedianacasa.igualdadebenestar.org\/?attachment_id=2923\" class=\"wp-image-2923\" srcset=\"https:\/\/ocentrodedianacasa.igualdadebenestar.org\/wp-content\/uploads\/2022\/02\/BEGONTE_OUTROS-CAMPANA-DE-RECICLAXE-1-753x1024.jpg 753w, https:\/\/ocentrodedianacasa.igualdadebenestar.org\/wp-content\/uploads\/2022\/02\/BEGONTE_OUTROS-CAMPANA-DE-RECICLAXE-1-221x300.jpg 221w, https:\/\/ocentrodedianacasa.igualdadebenestar.org\/wp-content\/uploads\/2022\/02\/BEGONTE_OUTROS-CAMPANA-DE-RECICLAXE-1-768x1044.jpg 768w, https:\/\/ocentrodedianacasa.igualdadebenestar.org\/wp-content\/uploads\/2022\/02\/BEGONTE_OUTROS-CAMPANA-DE-RECICLAXE-1-1130x1536.jpg 1130w, https:\/\/ocentrodedianacasa.igualdadebenestar.org\/wp-content\/uploads\/2022\/02\/BEGONTE_OUTROS-CAMPANA-DE-RECICLAXE-1-1507x2048.jpg 1507w, https:\/\/ocentrodedianacasa.igualdadebenestar.org\/wp-content\/uploads\/2022\/02\/BEGONTE_OUTROS-CAMPANA-DE-RECICLAXE-1-scaled.jpg 1883w\" sizes=\"(max-width: 753px) 100vw, 753px\" \/><\/figure><\/li><li class=\"blocks-gallery-item\"><figure><img loading=\"lazy\" width=\"1024\" height=\"768\" src=\"https:\/\/ocentrodedianacasa.igualdadebenestar.org\/wp-content\/uploads\/2022\/02\/BEGONTE_OUTROS-CAMPANA-DE-RECICLAXE-1024x768.jpg\" alt=\"\" data-id=\"2924\" data-full-url=\"https:\/\/ocentrodedianacasa.igualdadebenestar.org\/wp-content\/uploads\/2022\/02\/BEGONTE_OUTROS-CAMPANA-DE-RECICLAXE-scaled.jpg\" data-link=\"https:\/\/ocentrodedianacasa.igualdadebenestar.org\/?attachment_id=2924\" class=\"wp-image-2924\" srcset=\"https:\/\/ocentrodedianacasa.igualdadebenestar.org\/wp-content\/uploads\/2022\/02\/BEGONTE_OUTROS-CAMPANA-DE-RECICLAXE-1024x768.jpg 1024w, https:\/\/ocentrodedianacasa.igualdadebenestar.org\/wp-content\/uploads\/2022\/02\/BEGONTE_OUTROS-CAMPANA-DE-RECICLAXE-300x225.jpg 300w, https:\/\/ocentrodedianacasa.igualdadebenestar.org\/wp-content\/uploads\/2022\/02\/BEGONTE_OUTROS-CAMPANA-DE-RECICLAXE-768x576.jpg 768w, https:\/\/ocentrodedianacasa.igualdadebenestar.org\/wp-content\/uploads\/2022\/02\/BEGONTE_OUTROS-CAMPANA-DE-RECICLAXE-1536x1152.jpg 1536w, https:\/\/ocentrodedianacasa.igualdadebenestar.org\/wp-content\/uploads\/2022\/02\/BEGONTE_OUTROS-CAMPANA-DE-RECICLAXE-2048x1536.jpg 2048w\" sizes=\"(max-width: 1024px) 100vw, 1024px\" \/><\/figure><\/li><\/ul><\/figure>\n<\/div><\/div>\n ","protected":false},"excerpt":{"rendered":"<p>A Xunta de Galicia en colaboraci\u00f3n con Ecoembes, desarrollaron o programa \u201cTerceiros en idade, primeiros en reciclar\u201d co obxectivo de acercar a reciclaxe aos centros de maiores. Os t\u00e9cnicos imparten <a class=\"more-link\" href=\"https:\/\/ocentrodedianacasa.igualdadebenestar.org\/?p=2922\">Continue Reading &rarr;<\/a><\/p>\n","protected":false},"author":3,"featured_media":0,"comment_status":"open","ping_status":"open","sticky":false,"template":"","format":"standard","meta":[],"categories":[20],"tags":[],"post_mailing_queue_ids":[],"_links":{"self":[{"href":"https:\/\/ocentrodedianacasa.igualdadebenestar.org\/index.php?rest_route=\/wp\/v2\/posts\/2922"}],"collection":[{"href":"https:\/\/ocentrodedianacasa.igualdadebenestar.org\/index.php?rest_route=\/wp\/v2\/posts"}],"about":[{"href":"https:\/\/ocentrodedianacasa.igualdadebenestar.org\/index.php?rest_route=\/wp\/v2\/types\/post"}],"author":[{"embeddable":true,"href":"https:\/\/ocentrodedianacasa.igualdadebenestar.org\/index.php?rest_route=\/wp\/v2\/users\/3"}],"replies":[{"embeddable":true,"href":"https:\/\/ocentrodedianacasa.igualdadebenestar.org\/index.php?rest_route=%2Fwp%2Fv2%2Fcomments&post=2922"}],"version-history":[{"count":1,"href":"https:\/\/ocentrodedianacasa.igualdadebenestar.org\/index.php?rest_route=\/wp\/v2\/posts\/2922\/revisions"}],"predecessor-version":[{"id":2925,"href":"https:\/\/ocentrodedianacasa.igualdadebenestar.org\/index.php?rest_route=\/wp\/v2\/posts\/2922\/revisions\/2925"}],"wp:attachment":[{"href":"https:\/\/ocentrodedianacasa.igualdadebenestar.org\/index.php?rest_route=%2Fwp%2Fv2%2Fmedia&parent=2922"}],"wp:term":[{"taxonomy":"category","embeddable":true,"href":"https:\/\/ocentrodedianacasa.igualdadebenestar.org\/index.php?rest_route=%2Fwp%2Fv2%2Fcategories&post=2922"},{"taxonomy":"post_tag","embeddable":true,"href":"https:\/\/ocentrodedianacasa.igualdadebenestar.org\/index.php?rest_route=%2Fwp%2Fv2%2Ftags&post=2922"}],"curies":[{"name":"wp","href":"https:\/\/api.w.org\/{rel}","templated":true}]}}