{"id":2913,"date":"2022-02-25T13:23:00","date_gmt":"2022-02-25T12:23:00","guid":{"rendered":"https:\/\/ocentrodedianacasa.igualdadebenestar.org\/?p=2913"},"modified":"2022-03-03T08:45:24","modified_gmt":"2022-03-03T07:45:24","slug":"exposicion-de-entroido-no-cpi-virxe-do-monte-de-cospeito","status":"publish","type":"post","link":"https:\/\/ocentrodedianacasa.igualdadebenestar.org\/?p=2913","title":{"rendered":"Exposici\u00f3n de Entroido no   CPI Virxe do  Monte de Cospeito"},"content":{"rendered":"\n<p>Al\u00e1 polo 2020, dende o Centro de D\u00eda de Cospeito decidimos elaborar disfraces do entroido t\u00edpico galego e realizar unha exposici\u00f3n con eles para que todos puidesen desfrutar dela. Por desgracia, a exposici\u00f3n apenas viu a luz, pois uns d\u00edas despois de inaugurala chegou a pandemia, e os disfraces quedaron esquecidos.<\/p>\n\n\n\n<p>Agora que a normalidade comeza a asomar, decidimos recuperar a idea desta exposici\u00f3n, e en colaboraci\u00f3n co colexio CPI Virxe do Monte de Cospeito, sacamos \u00e1 luz estas aut\u00e9nticas obras de arte que enchen de orgullo a todos os que colaboramos na s\u00faa confecci\u00f3n.<\/p>\n\n\n\n<p>Esperamos que vos gusten!<\/p>\n\n\n\n<figure class=\"wp-block-image size-large\"><img loading=\"lazy\" width=\"1024\" height=\"598\" src=\"https:\/\/ocentrodedianacasa.igualdadebenestar.org\/wp-content\/uploads\/2022\/02\/ARTISTEANDO_ENTROIDO_CDCOSPEITO-1024x598.jpeg\" alt=\"\" class=\"wp-image-2914\" srcset=\"https:\/\/ocentrodedianacasa.igualdadebenestar.org\/wp-content\/uploads\/2022\/02\/ARTISTEANDO_ENTROIDO_CDCOSPEITO-1024x598.jpeg 1024w, https:\/\/ocentrodedianacasa.igualdadebenestar.org\/wp-content\/uploads\/2022\/02\/ARTISTEANDO_ENTROIDO_CDCOSPEITO-300x175.jpeg 300w, https:\/\/ocentrodedianacasa.igualdadebenestar.org\/wp-content\/uploads\/2022\/02\/ARTISTEANDO_ENTROIDO_CDCOSPEITO-768x449.jpeg 768w, https:\/\/ocentrodedianacasa.igualdadebenestar.org\/wp-content\/uploads\/2022\/02\/ARTISTEANDO_ENTROIDO_CDCOSPEITO-1536x898.jpeg 1536w, https:\/\/ocentrodedianacasa.igualdadebenestar.org\/wp-content\/uploads\/2022\/02\/ARTISTEANDO_ENTROIDO_CDCOSPEITO.jpeg 1737w\" sizes=\"(max-width: 1024px) 100vw, 1024px\" \/><\/figure>\n ","protected":false},"excerpt":{"rendered":"<p>Al\u00e1 polo 2020, dende o Centro de D\u00eda de Cospeito decidimos elaborar disfraces do entroido t\u00edpico galego e realizar unha exposici\u00f3n con eles para que todos puidesen desfrutar dela. Por <a class=\"more-link\" href=\"https:\/\/ocentrodedianacasa.igualdadebenestar.org\/?p=2913\">Continue Reading &rarr;<\/a><\/p>\n","protected":false},"author":3,"featured_media":0,"comment_status":"open","ping_status":"open","sticky":false,"template":"","format":"standard","meta":[],"categories":[20],"tags":[],"post_mailing_queue_ids":[],"_links":{"self":[{"href":"https:\/\/ocentrodedianacasa.igualdadebenestar.org\/index.php?rest_route=\/wp\/v2\/posts\/2913"}],"collection":[{"href":"https:\/\/ocentrodedianacasa.igualdadebenestar.org\/index.php?rest_route=\/wp\/v2\/posts"}],"about":[{"href":"https:\/\/ocentrodedianacasa.igualdadebenestar.org\/index.php?rest_route=\/wp\/v2\/types\/post"}],"author":[{"embeddable":true,"href":"https:\/\/ocentrodedianacasa.igualdadebenestar.org\/index.php?rest_route=\/wp\/v2\/users\/3"}],"replies":[{"embeddable":true,"href":"https:\/\/ocentrodedianacasa.igualdadebenestar.org\/index.php?rest_route=%2Fwp%2Fv2%2Fcomments&post=2913"}],"version-history":[{"count":2,"href":"https:\/\/ocentrodedianacasa.igualdadebenestar.org\/index.php?rest_route=\/wp\/v2\/posts\/2913\/revisions"}],"predecessor-version":[{"id":2946,"href":"https:\/\/ocentrodedianacasa.igualdadebenestar.org\/index.php?rest_route=\/wp\/v2\/posts\/2913\/revisions\/2946"}],"wp:attachment":[{"href":"https:\/\/ocentrodedianacasa.igualdadebenestar.org\/index.php?rest_route=%2Fwp%2Fv2%2Fmedia&parent=2913"}],"wp:term":[{"taxonomy":"category","embeddable":true,"href":"https:\/\/ocentrodedianacasa.igualdadebenestar.org\/index.php?rest_route=%2Fwp%2Fv2%2Fcategories&post=2913"},{"taxonomy":"post_tag","embeddable":true,"href":"https:\/\/ocentrodedianacasa.igualdadebenestar.org\/index.php?rest_route=%2Fwp%2Fv2%2Ftags&post=2913"}],"curies":[{"name":"wp","href":"https:\/\/api.w.org\/{rel}","templated":true}]}}