{"id":2869,"date":"2021-12-20T09:21:54","date_gmt":"2021-12-20T08:21:54","guid":{"rendered":"https:\/\/ocentrodedianacasa.igualdadebenestar.org\/?p=2869"},"modified":"2021-12-20T09:23:11","modified_gmt":"2021-12-20T08:23:11","slug":"amigos-por-correspondecia-dende-o-camp-de-baleira","status":"publish","type":"post","link":"https:\/\/ocentrodedianacasa.igualdadebenestar.org\/?p=2869","title":{"rendered":"Amigos por correspondecia dende o CAMP de Baleira"},"content":{"rendered":"\n<p>Un ano m\u00e1is e despois da boa acollida que tivo o ano pasado, aproveitamos a chegada do nadal para po\u00f1er de novo en marcha actividade \u201camigos por correspondecia\u201d, porque&#8230;. a quen non lle gustaba abrir o caixa do correo da casa e atopar unha carta dun familiar, amigo,.. felicitando o nadal. Abrir a carta e sentir que algu\u00e9n pensa en ti mentres a les e experimentar a sensaci\u00f3n de sentirte especial.<\/p>\n\n\n\n<p>Este pode ser o inicio dunha amizade&#8230; por correspondencia<\/p>\n\n\n\n<figure class=\"wp-block-image size-large is-resized is-style-rounded\"><img loading=\"lazy\" src=\"https:\/\/ocentrodedianacasa.igualdadebenestar.org\/wp-content\/uploads\/2021\/12\/IMG-20211203-WA0004-461x1024.jpg\" alt=\"\" class=\"wp-image-2870\" width=\"185\" height=\"410\" srcset=\"https:\/\/ocentrodedianacasa.igualdadebenestar.org\/wp-content\/uploads\/2021\/12\/IMG-20211203-WA0004-461x1024.jpg 461w, https:\/\/ocentrodedianacasa.igualdadebenestar.org\/wp-content\/uploads\/2021\/12\/IMG-20211203-WA0004-135x300.jpg 135w, https:\/\/ocentrodedianacasa.igualdadebenestar.org\/wp-content\/uploads\/2021\/12\/IMG-20211203-WA0004-768x1708.jpg 768w, https:\/\/ocentrodedianacasa.igualdadebenestar.org\/wp-content\/uploads\/2021\/12\/IMG-20211203-WA0004-691x1536.jpg 691w, https:\/\/ocentrodedianacasa.igualdadebenestar.org\/wp-content\/uploads\/2021\/12\/IMG-20211203-WA0004.jpg 921w\" sizes=\"(max-width: 185px) 100vw, 185px\" \/><\/figure>\n\n\n\n<p>Esta actividade vai dirixida a centros de maiores de toda Galicia. Os que desexedes participar debedes ter en conta:<\/p>\n\n\n\n<p>&#8211; Que son 5 participantes m\u00e1ximo por cada centro. As persoas que participaron o ano pasado volver\u00e1n a intercambiar cartas coas mesmas persoas, si as\u00ed o desexan<\/p>\n\n\n\n<p>&#8211; Os centros que participen deber\u00e1n comunicalo ao CAPM de Baleira a trav\u00e9s do mail <strong>fogaresindecialbaleira@gmail.com<\/strong><\/p>\n\n\n\n<p>&#8211; Unha vez co\u00f1ecido o n\u00famero de participantes por cada centro, O CAPM de Baleira coordinar\u00e1 a distribuci\u00f3n das cartas, de xeito que os centros emisores saiban a que persoas e centros te\u00f1en que dirixir as cartas<\/p>\n\n\n\n<p>&#8211; Recomendaci\u00f3ns sobre a estrutura e contido da carta, que deber\u00e1 realizarse co apoio do profesional de referencia si \u00e9 preciso:<\/p>\n\n\n\n<p>Sa\u00fados da persoa remitente ao destinatario.(personalizaci\u00f3n da carta)<\/p>\n\n\n\n<p>Identificaci\u00f3n do remitente: nome de pila da persoa residente.Identificaci\u00f3n e breve descrici\u00f3n do lugar onde se atopa<\/p>\n\n\n\n<p>Contido libre: afici\u00f3ns, como leva a situaci\u00f3n da pandemia,&#8230;<\/p>\n\n\n\n<p>Felicitaci\u00f3n do nadal e do aninovo con desexos para o 2022<\/p>\n\n\n\n<p>Achegar postal de nadal elaborada no centro si \u00e9 posible<\/p>\n\n\n\n<p>&#8211; Os centros que desexen participar deber\u00e1n comun\u00edcalo ao CAPM antes do 20 de decembro<\/p>\n\n\n\n<p>&#8211; Data de entrega das cartas, dende o 20 ata o 24 de decembro.<\/p>\n\n\n\n<p>&#8211; Lembrade aplicar as medidas anti-covid na elaboraci\u00f3n da actividade: Hixiene de mans, m\u00e1scara, deixar a carta un par de d\u00edas en cuarentena cando se reciba<\/p>\n ","protected":false},"excerpt":{"rendered":"<p>Un ano m\u00e1is e despois da boa acollida que tivo o ano pasado, aproveitamos a chegada do nadal para po\u00f1er de novo en marcha actividade \u201camigos por correspondecia\u201d, porque&#8230;. a <a class=\"more-link\" href=\"https:\/\/ocentrodedianacasa.igualdadebenestar.org\/?p=2869\">Continue Reading &rarr;<\/a><\/p>\n","protected":false},"author":3,"featured_media":0,"comment_status":"open","ping_status":"open","sticky":false,"template":"","format":"standard","meta":[],"categories":[17],"tags":[],"post_mailing_queue_ids":[],"_links":{"self":[{"href":"https:\/\/ocentrodedianacasa.igualdadebenestar.org\/index.php?rest_route=\/wp\/v2\/posts\/2869"}],"collection":[{"href":"https:\/\/ocentrodedianacasa.igualdadebenestar.org\/index.php?rest_route=\/wp\/v2\/posts"}],"about":[{"href":"https:\/\/ocentrodedianacasa.igualdadebenestar.org\/index.php?rest_route=\/wp\/v2\/types\/post"}],"author":[{"embeddable":true,"href":"https:\/\/ocentrodedianacasa.igualdadebenestar.org\/index.php?rest_route=\/wp\/v2\/users\/3"}],"replies":[{"embeddable":true,"href":"https:\/\/ocentrodedianacasa.igualdadebenestar.org\/index.php?rest_route=%2Fwp%2Fv2%2Fcomments&post=2869"}],"version-history":[{"count":3,"href":"https:\/\/ocentrodedianacasa.igualdadebenestar.org\/index.php?rest_route=\/wp\/v2\/posts\/2869\/revisions"}],"predecessor-version":[{"id":2873,"href":"https:\/\/ocentrodedianacasa.igualdadebenestar.org\/index.php?rest_route=\/wp\/v2\/posts\/2869\/revisions\/2873"}],"wp:attachment":[{"href":"https:\/\/ocentrodedianacasa.igualdadebenestar.org\/index.php?rest_route=%2Fwp%2Fv2%2Fmedia&parent=2869"}],"wp:term":[{"taxonomy":"category","embeddable":true,"href":"https:\/\/ocentrodedianacasa.igualdadebenestar.org\/index.php?rest_route=%2Fwp%2Fv2%2Fcategories&post=2869"},{"taxonomy":"post_tag","embeddable":true,"href":"https:\/\/ocentrodedianacasa.igualdadebenestar.org\/index.php?rest_route=%2Fwp%2Fv2%2Ftags&post=2869"}],"curies":[{"name":"wp","href":"https:\/\/api.w.org\/{rel}","templated":true}]}}