{"id":2856,"date":"2021-12-03T09:17:45","date_gmt":"2021-12-03T08:17:45","guid":{"rendered":"https:\/\/ocentrodedianacasa.igualdadebenestar.org\/?p=2856"},"modified":"2021-12-03T09:17:47","modified_gmt":"2021-12-03T08:17:47","slug":"concurso-pasapalabra-intercentros-dende-o-centro-de-dia-de-vigo-coia","status":"publish","type":"post","link":"https:\/\/ocentrodedianacasa.igualdadebenestar.org\/?p=2856","title":{"rendered":"CONCURSO \u201cPASAPALABRA\u201d INTERCENTROS DENDE O CENTRO DE D\u00cdA DE VIGO-COIA"},"content":{"rendered":"\n<p>O centro de d\u00eda de Vigo \u2013 Coia quere compartir unha <em>in<\/em><em>iciativa intercentros de psicoestimulaci\u00f3n a trav\u00e9s das TIC<\/em> que se levou a cabo no mes de novembro, a 1\u00aa edici\u00f3n online dun concurso \u201c<em>Pasapalabra Virtual<\/em>\u201d.<\/p>\n\n\n\n<p>Envi\u00e1ronse as bases de participaci\u00f3n no mes de outubro a trav\u00e9s de correo electr\u00f3nico e finalmente participaron representantes do CAPM Redondela, CAPM Baiona, CAPM Valga, CAPM Tomi\u00f1o, CAPM Vigo \u2013 Coia e CAPM Cuntis. Organiz\u00e1ronse d\u00faas conexi\u00f3ns virtuais de 1 hora a trav\u00e9s da plataforma dixital gratuita \u201cWebex\u201d, e en cada unha delas participaron 3 centros con 3 persoas usuarias e un profesional cada un. Cada un dos centros tivo unha quenda de xogo onde foron contestando ao \u201c<em>rosco de pasap<\/em><em>a<\/em><em>labra\u201d<\/em><em>.<\/em> Facendo un c\u00f3mputo de preguntas acertadas e de tempo de xogo resolveron o ga\u00f1ador de cada concurso.<\/p>\n\n\n\n<p>A pesar dalgunhas dificultades t\u00e9cnicas, puid\u00e9ronse desenvolver con \u00e9xito ambas rondas do concurso cun resultado positivo e motivador para os participantes, d\u00e1ndolle unha finalidade diferente \u00e1s conexi\u00f3ns por videochamada entre os centros de d\u00eda da rede de centros de maiores da Xunta de Galicia.<\/p>\n\n\n\n<figure class=\"wp-block-image size-large\"><img loading=\"lazy\" width=\"1024\" height=\"817\" src=\"https:\/\/ocentrodedianacasa.igualdadebenestar.org\/wp-content\/uploads\/2021\/12\/FOTO-CONCURSO-PASAPALABRA-ONLINE-1024x817.jpg\" alt=\"\" class=\"wp-image-2857\" srcset=\"https:\/\/ocentrodedianacasa.igualdadebenestar.org\/wp-content\/uploads\/2021\/12\/FOTO-CONCURSO-PASAPALABRA-ONLINE-1024x817.jpg 1024w, https:\/\/ocentrodedianacasa.igualdadebenestar.org\/wp-content\/uploads\/2021\/12\/FOTO-CONCURSO-PASAPALABRA-ONLINE-300x239.jpg 300w, https:\/\/ocentrodedianacasa.igualdadebenestar.org\/wp-content\/uploads\/2021\/12\/FOTO-CONCURSO-PASAPALABRA-ONLINE-768x612.jpg 768w, https:\/\/ocentrodedianacasa.igualdadebenestar.org\/wp-content\/uploads\/2021\/12\/FOTO-CONCURSO-PASAPALABRA-ONLINE.jpg 1303w\" sizes=\"(max-width: 1024px) 100vw, 1024px\" \/><figcaption>dav<\/figcaption><\/figure>\n ","protected":false},"excerpt":{"rendered":"<p>O centro de d\u00eda de Vigo \u2013 Coia quere compartir unha iniciativa intercentros de psicoestimulaci\u00f3n a trav\u00e9s das TIC que se levou a cabo no mes de novembro, a 1\u00aa <a class=\"more-link\" href=\"https:\/\/ocentrodedianacasa.igualdadebenestar.org\/?p=2856\">Continue Reading &rarr;<\/a><\/p>\n","protected":false},"author":3,"featured_media":0,"comment_status":"open","ping_status":"open","sticky":false,"template":"","format":"standard","meta":[],"categories":[17],"tags":[],"post_mailing_queue_ids":[],"_links":{"self":[{"href":"https:\/\/ocentrodedianacasa.igualdadebenestar.org\/index.php?rest_route=\/wp\/v2\/posts\/2856"}],"collection":[{"href":"https:\/\/ocentrodedianacasa.igualdadebenestar.org\/index.php?rest_route=\/wp\/v2\/posts"}],"about":[{"href":"https:\/\/ocentrodedianacasa.igualdadebenestar.org\/index.php?rest_route=\/wp\/v2\/types\/post"}],"author":[{"embeddable":true,"href":"https:\/\/ocentrodedianacasa.igualdadebenestar.org\/index.php?rest_route=\/wp\/v2\/users\/3"}],"replies":[{"embeddable":true,"href":"https:\/\/ocentrodedianacasa.igualdadebenestar.org\/index.php?rest_route=%2Fwp%2Fv2%2Fcomments&post=2856"}],"version-history":[{"count":1,"href":"https:\/\/ocentrodedianacasa.igualdadebenestar.org\/index.php?rest_route=\/wp\/v2\/posts\/2856\/revisions"}],"predecessor-version":[{"id":2859,"href":"https:\/\/ocentrodedianacasa.igualdadebenestar.org\/index.php?rest_route=\/wp\/v2\/posts\/2856\/revisions\/2859"}],"wp:attachment":[{"href":"https:\/\/ocentrodedianacasa.igualdadebenestar.org\/index.php?rest_route=%2Fwp%2Fv2%2Fmedia&parent=2856"}],"wp:term":[{"taxonomy":"category","embeddable":true,"href":"https:\/\/ocentrodedianacasa.igualdadebenestar.org\/index.php?rest_route=%2Fwp%2Fv2%2Fcategories&post=2856"},{"taxonomy":"post_tag","embeddable":true,"href":"https:\/\/ocentrodedianacasa.igualdadebenestar.org\/index.php?rest_route=%2Fwp%2Fv2%2Ftags&post=2856"}],"curies":[{"name":"wp","href":"https:\/\/api.w.org\/{rel}","templated":true}]}}