{"id":2843,"date":"2021-10-01T14:30:00","date_gmt":"2021-10-01T12:30:00","guid":{"rendered":"https:\/\/ocentrodedianacasa.igualdadebenestar.org\/?p=2843"},"modified":"2021-10-04T09:51:54","modified_gmt":"2021-10-04T07:51:54","slug":"1-de-outubro-dia-internacional-das-persoas-maiores","status":"publish","type":"post","link":"https:\/\/ocentrodedianacasa.igualdadebenestar.org\/?p=2843","title":{"rendered":"1 de outubro \u2013 D\u00eda Internacional das Persoas Maiores"},"content":{"rendered":"\n<p>Dende o centro de d\u00eda de Cuntis presentan unha actividade dirixida a calquera persoa que te\u00f1a interese en debater sobre os valores e dereitos das persoas maiores. Foi creada con motivo da celebraci\u00f3n das persoas maiores pero co obxectivo de que se poida empregar en calquera data do ano para empoderar e valorar as persoas maiores.<\/p>\n\n\n\n<p>O obxectivo desta actividade \u00e9 fomentar o respecto cara as persoas maiores e mellorar a convivencia entre diferentes xeraci\u00f3ns.<\/p>\n\n\n\n<p>Para realizar esta actividade \u00e9 necesario contar cos seguintes elementos:<\/p>\n\n\n\n<p>&#8211; PDF con l\u00e1minas<\/p>\n\n\n\n<p>&#8211; Impresora<\/p>\n\n\n\n<p>Esta actividade comeza coa utilizaci\u00f3n do p\u00f3ster con frases sobre as persoas maiores. A partir deste podemos comezar un debate dicindo se as frases son verdadeiras ou falsas e sacar diferentes temas sobre esta tem\u00e1tica. Posteriormente tras chegar a un acordo do grupo ou coa persoa entregarase un diploma acreditativo da actividade, que poder\u00e1 ser para a propia persoa maior ou para outra persoa participante.<\/p>\n\n\n\n<figure class=\"wp-block-gallery columns-3 is-cropped\"><ul class=\"blocks-gallery-grid\"><li class=\"blocks-gallery-item\"><figure><img loading=\"lazy\" width=\"1024\" height=\"791\" src=\"https:\/\/ocentrodedianacasa.igualdadebenestar.org\/wp-content\/uploads\/2021\/10\/Diploma-do-respecto-1024x791.jpg\" alt=\"\" data-id=\"2846\" data-full-url=\"https:\/\/ocentrodedianacasa.igualdadebenestar.org\/wp-content\/uploads\/2021\/10\/Diploma-do-respecto.jpg\" data-link=\"https:\/\/ocentrodedianacasa.igualdadebenestar.org\/?attachment_id=2846\" class=\"wp-image-2846\" srcset=\"https:\/\/ocentrodedianacasa.igualdadebenestar.org\/wp-content\/uploads\/2021\/10\/Diploma-do-respecto-1024x791.jpg 1024w, https:\/\/ocentrodedianacasa.igualdadebenestar.org\/wp-content\/uploads\/2021\/10\/Diploma-do-respecto-300x232.jpg 300w, https:\/\/ocentrodedianacasa.igualdadebenestar.org\/wp-content\/uploads\/2021\/10\/Diploma-do-respecto-768x593.jpg 768w, https:\/\/ocentrodedianacasa.igualdadebenestar.org\/wp-content\/uploads\/2021\/10\/Diploma-do-respecto.jpg 1056w\" sizes=\"(max-width: 1024px) 100vw, 1024px\" \/><\/figure><\/li><li class=\"blocks-gallery-item\"><figure><img loading=\"lazy\" width=\"1024\" height=\"791\" src=\"https:\/\/ocentrodedianacasa.igualdadebenestar.org\/wp-content\/uploads\/2021\/10\/Diploma-persoas-maiores-1024x791.jpg\" alt=\"\" data-id=\"2845\" data-full-url=\"https:\/\/ocentrodedianacasa.igualdadebenestar.org\/wp-content\/uploads\/2021\/10\/Diploma-persoas-maiores.jpg\" data-link=\"https:\/\/ocentrodedianacasa.igualdadebenestar.org\/?attachment_id=2845\" class=\"wp-image-2845\" srcset=\"https:\/\/ocentrodedianacasa.igualdadebenestar.org\/wp-content\/uploads\/2021\/10\/Diploma-persoas-maiores-1024x791.jpg 1024w, https:\/\/ocentrodedianacasa.igualdadebenestar.org\/wp-content\/uploads\/2021\/10\/Diploma-persoas-maiores-300x232.jpg 300w, https:\/\/ocentrodedianacasa.igualdadebenestar.org\/wp-content\/uploads\/2021\/10\/Diploma-persoas-maiores-768x593.jpg 768w, https:\/\/ocentrodedianacasa.igualdadebenestar.org\/wp-content\/uploads\/2021\/10\/Diploma-persoas-maiores.jpg 1056w\" sizes=\"(max-width: 1024px) 100vw, 1024px\" \/><\/figure><\/li><li class=\"blocks-gallery-item\"><figure><img loading=\"lazy\" width=\"724\" height=\"1024\" src=\"https:\/\/ocentrodedianacasa.igualdadebenestar.org\/wp-content\/uploads\/2021\/10\/Poster-724x1024.jpg\" alt=\"\" data-id=\"2844\" data-full-url=\"https:\/\/ocentrodedianacasa.igualdadebenestar.org\/wp-content\/uploads\/2021\/10\/Poster.jpg\" data-link=\"https:\/\/ocentrodedianacasa.igualdadebenestar.org\/?attachment_id=2844\" class=\"wp-image-2844\" srcset=\"https:\/\/ocentrodedianacasa.igualdadebenestar.org\/wp-content\/uploads\/2021\/10\/Poster-724x1024.jpg 724w, https:\/\/ocentrodedianacasa.igualdadebenestar.org\/wp-content\/uploads\/2021\/10\/Poster-212x300.jpg 212w, https:\/\/ocentrodedianacasa.igualdadebenestar.org\/wp-content\/uploads\/2021\/10\/Poster-768x1086.jpg 768w, https:\/\/ocentrodedianacasa.igualdadebenestar.org\/wp-content\/uploads\/2021\/10\/Poster-1086x1536.jpg 1086w, https:\/\/ocentrodedianacasa.igualdadebenestar.org\/wp-content\/uploads\/2021\/10\/Poster-1448x2048.jpg 1448w, https:\/\/ocentrodedianacasa.igualdadebenestar.org\/wp-content\/uploads\/2021\/10\/Poster.jpg 1587w\" sizes=\"(max-width: 724px) 100vw, 724px\" \/><\/figure><\/li><\/ul><\/figure>\n\n\n\n<p><\/p>\n ","protected":false},"excerpt":{"rendered":"<p>Dende o centro de d\u00eda de Cuntis presentan unha actividade dirixida a calquera persoa que te\u00f1a interese en debater sobre os valores e dereitos das persoas maiores. Foi creada con <a class=\"more-link\" href=\"https:\/\/ocentrodedianacasa.igualdadebenestar.org\/?p=2843\">Continue Reading &rarr;<\/a><\/p>\n","protected":false},"author":3,"featured_media":0,"comment_status":"open","ping_status":"open","sticky":false,"template":"","format":"standard","meta":[],"categories":[44],"tags":[],"post_mailing_queue_ids":[],"_links":{"self":[{"href":"https:\/\/ocentrodedianacasa.igualdadebenestar.org\/index.php?rest_route=\/wp\/v2\/posts\/2843"}],"collection":[{"href":"https:\/\/ocentrodedianacasa.igualdadebenestar.org\/index.php?rest_route=\/wp\/v2\/posts"}],"about":[{"href":"https:\/\/ocentrodedianacasa.igualdadebenestar.org\/index.php?rest_route=\/wp\/v2\/types\/post"}],"author":[{"embeddable":true,"href":"https:\/\/ocentrodedianacasa.igualdadebenestar.org\/index.php?rest_route=\/wp\/v2\/users\/3"}],"replies":[{"embeddable":true,"href":"https:\/\/ocentrodedianacasa.igualdadebenestar.org\/index.php?rest_route=%2Fwp%2Fv2%2Fcomments&post=2843"}],"version-history":[{"count":1,"href":"https:\/\/ocentrodedianacasa.igualdadebenestar.org\/index.php?rest_route=\/wp\/v2\/posts\/2843\/revisions"}],"predecessor-version":[{"id":2847,"href":"https:\/\/ocentrodedianacasa.igualdadebenestar.org\/index.php?rest_route=\/wp\/v2\/posts\/2843\/revisions\/2847"}],"wp:attachment":[{"href":"https:\/\/ocentrodedianacasa.igualdadebenestar.org\/index.php?rest_route=%2Fwp%2Fv2%2Fmedia&parent=2843"}],"wp:term":[{"taxonomy":"category","embeddable":true,"href":"https:\/\/ocentrodedianacasa.igualdadebenestar.org\/index.php?rest_route=%2Fwp%2Fv2%2Fcategories&post=2843"},{"taxonomy":"post_tag","embeddable":true,"href":"https:\/\/ocentrodedianacasa.igualdadebenestar.org\/index.php?rest_route=%2Fwp%2Fv2%2Ftags&post=2843"}],"curies":[{"name":"wp","href":"https:\/\/api.w.org\/{rel}","templated":true}]}}