{"id":2832,"date":"2021-09-29T09:04:00","date_gmt":"2021-09-29T07:04:00","guid":{"rendered":"https:\/\/ocentrodedianacasa.igualdadebenestar.org\/?p=2832"},"modified":"2021-09-30T09:24:26","modified_gmt":"2021-09-30T07:24:26","slug":"i-andaina-virtual-para-visibilizar-o-alzheimer-dende-o-centro-de-dia-de-pobra","status":"publish","type":"post","link":"https:\/\/ocentrodedianacasa.igualdadebenestar.org\/?p=2832","title":{"rendered":"I Andaina virtual para visibilizar o Alzheimer dende o Centro de d\u00eda de Pobra"},"content":{"rendered":"\n<p>Desde o CAPM A Pobra, no mes de setembro organizaron a \u201c<em>I Andaina Virtual: cami\u00f1os da memoria<\/em>\u201d para visibilizar o D\u00eda Mundial do Alzheimer e outras demencias, coa colaboraci\u00f3n dos centros de d\u00eda de Porto do Son, Tomi\u00f1o, Coia e Mondariz. A continuaci\u00f3n podedes ver un v\u00eddeo que amosa o resultado da participaci\u00f3n das persoas maiores nos seus centros e contorna. Ao final do mesmo tam\u00e9n p\u00f3dese escoitar o seguinte poema an\u00f3nimo narrado por unha persoa usuaria do CAPM A Pobra:<\/p>\n\n\n\n<figure class=\"wp-block-embed-youtube wp-block-embed is-type-video is-provider-youtube wp-embed-aspect-16-9 wp-has-aspect-ratio\"><div class=\"wp-block-embed__wrapper\">\n<iframe title=\"OS CAMI\u00d1OS DA MEMORIA\" width=\"678\" height=\"381\" src=\"https:\/\/www.youtube.com\/embed\/110iH9vKR6U?feature=oembed\" frameborder=\"0\" allow=\"accelerometer; autoplay; clipboard-write; encrypted-media; gyroscope; picture-in-picture\" allowfullscreen><\/iframe>\n<\/div><\/figure>\n\n\n\n<p>\u201c<em>Non me pidas que recorde,<\/em><\/p>\n\n\n\n<p><em>non trates de facerme comprender,<\/em><\/p>\n\n\n\n<p><em>solo che pido: deixame descansar,<\/em><\/p>\n\n\n\n<p><em>solo che pido que esteas comigo.<\/em><\/p>\n\n\n\n<p><em>Faime saber que est\u00e1s aqu\u00ed e me coidas,<\/em><\/p>\n\n\n\n<p><em>abraza o meu pescozo,<\/em><\/p>\n\n\n\n<p><em>colle a mi\u00f1a man e qu\u00e9date ao meu lado.<\/em><\/p>\n\n\n\n<p><em>Estou triste, enfermo e perdido.<\/em><\/p>\n\n\n\n<p><em>Necesito que esteas comigo.<\/em><\/p>\n\n\n\n<p><em>Todo o que sei e que che necesito nestos momentos da mi\u00f1a vida.<\/em><\/p>\n\n\n\n<p><em>Non sei como me chamo,<\/em><\/p>\n\n\n\n<p><em>non sei nin quen son,<\/em><\/p>\n\n\n\n<p><em>non sei quen son os meus fillos.<\/em><\/p>\n\n\n\n<p><em>Solo che pido que te\u00f1as paciencia comigo.<\/em><\/p>\n\n\n\n<p><em>Non me grites, non chores, non xures,<\/em><\/p>\n\n\n\n<p><em>non podo facer nada co que me pasa.<\/em><\/p>\n\n\n\n<p><em>Non sei nin quen son,<\/em><\/p>\n\n\n\n<p><em>non me acordo de ti nin de min.<\/em><\/p>\n\n\n\n<p><em>Non podo facer nada co que me pasa,<\/em><\/p>\n\n\n\n<p><em>non sei nin quen son,<\/em><\/p>\n\n\n\n<p><em>non me acordo de ti nin de min.<\/em><\/p>\n\n\n\n<p><em>A\u00ednda que intento recordar quen son, non o consigo.<\/em><\/p>\n\n\n\n<p><em>Non entendo, no podo lograr.<\/em><\/p>\n\n\n\n<p><em>Solo che pido que te\u00f1as paciencia que non sei nin quen son.<\/em><\/p>\n\n\n\n<p><em>Recorda que che necesito porque non recordo nada de min,<\/em><\/p>\n\n\n\n<p><em>Que todo o mellor de min xa non est\u00e1.<\/em><\/p>\n\n\n\n<p><em>Non quero que te vaias porque te necesito.<\/em><\/p>\n\n\n\n<p><em>Non me abandones, qu\u00e9date conmigo.<\/em><\/p>\n\n\n\n<p><em>Qu\u00e9date o meu lado porque te necesito<\/em><\/p>\n\n\n\n<p><em>\u00c1mame ata o fin da mi\u00f1a vida&#8230;\u201d<\/em><\/p>\n ","protected":false},"excerpt":{"rendered":"<p>Desde o CAPM A Pobra, no mes de setembro organizaron a \u201cI Andaina Virtual: cami\u00f1os da memoria\u201d para visibilizar o D\u00eda Mundial do Alzheimer e outras demencias, coa colaboraci\u00f3n dos <a class=\"more-link\" href=\"https:\/\/ocentrodedianacasa.igualdadebenestar.org\/?p=2832\">Continue Reading &rarr;<\/a><\/p>\n","protected":false},"author":3,"featured_media":0,"comment_status":"open","ping_status":"open","sticky":false,"template":"","format":"standard","meta":[],"categories":[44],"tags":[],"post_mailing_queue_ids":[],"_links":{"self":[{"href":"https:\/\/ocentrodedianacasa.igualdadebenestar.org\/index.php?rest_route=\/wp\/v2\/posts\/2832"}],"collection":[{"href":"https:\/\/ocentrodedianacasa.igualdadebenestar.org\/index.php?rest_route=\/wp\/v2\/posts"}],"about":[{"href":"https:\/\/ocentrodedianacasa.igualdadebenestar.org\/index.php?rest_route=\/wp\/v2\/types\/post"}],"author":[{"embeddable":true,"href":"https:\/\/ocentrodedianacasa.igualdadebenestar.org\/index.php?rest_route=\/wp\/v2\/users\/3"}],"replies":[{"embeddable":true,"href":"https:\/\/ocentrodedianacasa.igualdadebenestar.org\/index.php?rest_route=%2Fwp%2Fv2%2Fcomments&post=2832"}],"version-history":[{"count":2,"href":"https:\/\/ocentrodedianacasa.igualdadebenestar.org\/index.php?rest_route=\/wp\/v2\/posts\/2832\/revisions"}],"predecessor-version":[{"id":2834,"href":"https:\/\/ocentrodedianacasa.igualdadebenestar.org\/index.php?rest_route=\/wp\/v2\/posts\/2832\/revisions\/2834"}],"wp:attachment":[{"href":"https:\/\/ocentrodedianacasa.igualdadebenestar.org\/index.php?rest_route=%2Fwp%2Fv2%2Fmedia&parent=2832"}],"wp:term":[{"taxonomy":"category","embeddable":true,"href":"https:\/\/ocentrodedianacasa.igualdadebenestar.org\/index.php?rest_route=%2Fwp%2Fv2%2Fcategories&post=2832"},{"taxonomy":"post_tag","embeddable":true,"href":"https:\/\/ocentrodedianacasa.igualdadebenestar.org\/index.php?rest_route=%2Fwp%2Fv2%2Ftags&post=2832"}],"curies":[{"name":"wp","href":"https:\/\/api.w.org\/{rel}","templated":true}]}}