{"id":2761,"date":"2021-07-02T08:51:00","date_gmt":"2021-07-02T06:51:00","guid":{"rendered":"https:\/\/ocentrodedianacasa.igualdadebenestar.org\/?p=2761"},"modified":"2021-06-04T21:02:57","modified_gmt":"2021-06-04T19:02:57","slug":"concurso-musical-en-conmemoracion-do-25-xullo-dende-o-centro-de-dia-de-cambados","status":"publish","type":"post","link":"https:\/\/ocentrodedianacasa.igualdadebenestar.org\/?p=2761","title":{"rendered":"CONCURSO MUSICAL en conmemoraci\u00f3n do 25 xullo dende o Centro de d\u00eda de Cambados"},"content":{"rendered":"\n<p>Esta actividade est\u00e1 indicada para todas as persoas usuarias e centros de d\u00eda que se animen a participar.<\/p>\n\n\n\n<p>O obxectivo principal, \u00e9 reforzar as relaci\u00f3ns entre os centros de maiores. Tam\u00e9n, traballar na orientaci\u00f3n temporal, promover a musicoterapia e a estimulaci\u00f3n cognitiva, entre outros.<\/p>\n\n\n\n<p>Materiais necesarios: ning\u00fan<\/p>\n\n\n\n<p>OPCIONAL<\/p>\n\n\n\n<p>Instrumentos musicais<\/p>\n\n\n\n<p>Instrumentos feitos con materiais de refugallo<\/p>\n\n\n\n<p>Elementos sonoros<\/p>\n\n\n\n<p>Proponse realizar un v\u00eddeo musical de tem\u00e1tica galega, \u00e9 dicir, que se considere unha canci\u00f3n t\u00edpica do cancioneiro galego.<\/p>\n\n\n\n<p>Bases:<\/p>\n\n\n\n<p>&#8211; M\u00ednimo de participantes por centro son 2 persoas usuarias. Sen m\u00e1ximo.<\/p>\n\n\n\n<p>&#8211; O material de acompa\u00f1amento musical pode ser feito a trav\u00e9s de material de refugallo, poden ser instrumentos, pode ser unha canci\u00f3n soando de fondo\u2026 \u00e9 dicir, que o acompa\u00f1amento \u00e9 libre.<\/p>\n\n\n\n<p>&#8211; A canci\u00f3n ten que ser parte do cancioneiro galego, t\u00edpico. Pode ser co\u00f1ecida ou propia do lugar no que viven as persoas usuarias.<\/p>\n\n\n\n<p>&#8211; As profesionais do centro poden aparecer acompa\u00f1ando no v\u00eddeo \u00e1s persoas usuarias.<\/p>\n\n\n\n<p>&#8211; 1 v\u00eddeo por centro (no caso de varios grupos dentro do centro, p\u00f3dense enviar no mesmo v\u00eddeo xuntos).<\/p>\n\n\n\n<p>&#8211; Data l\u00edmite para env\u00edo de v\u00eddeos ata o 23 de xullo.<\/p>\n\n\n\n<p>&#8211; A duraci\u00f3n m\u00e1xima do v\u00eddeo \u00e9 de 90segundos.<\/p>\n\n\n\n<p>&#8211; Env\u00edo de v\u00eddeos ao correo centrocambados.intervenci\u00f3n@amainaesaude.com<\/p>\n\n\n\n<p>&#8211; Especificar no asunto \u201cPARTICIPACI\u00d3N 25 XULLO CAPM XXXXX\u201d. No caso de que o v\u00eddeo pese moito, poden enviarse a trav\u00e9s de enlaces de plataformas como Drive, Dropbox, Youtube\u2026<\/p>\n\n\n\n<p>Decisi\u00f3n de ga\u00f1adores:<\/p>\n\n\n\n<p>&#8211; Cada persoa usuaria do CAPM de Cambados ter\u00e1 un punto, que lle asignar\u00e1 ao v\u00eddeo que mais lle guste.<\/p>\n\n\n\n<p>&#8211; No caso de empate, ser\u00e1 o persoal do centro o encargado de resolvelo.<\/p>\n\n\n\n<p>&#8211; Ao CAPM ga\u00f1ador enviar\u00e1selle un agasallo realizado polas usuarias do CAPM de Cambados.<\/p>\n\n\n\n<p>&#8211; A resoluci\u00f3n dos ga\u00f1adores farase efectiva o 13 de agosto.<\/p>\n ","protected":false},"excerpt":{"rendered":"<p>Esta actividade est\u00e1 indicada para todas as persoas usuarias e centros de d\u00eda que se animen a participar. O obxectivo principal, \u00e9 reforzar as relaci\u00f3ns entre os centros de maiores. <a class=\"more-link\" href=\"https:\/\/ocentrodedianacasa.igualdadebenestar.org\/?p=2761\">Continue Reading &rarr;<\/a><\/p>\n","protected":false},"author":3,"featured_media":0,"comment_status":"open","ping_status":"open","sticky":false,"template":"","format":"standard","meta":[],"categories":[17],"tags":[],"post_mailing_queue_ids":[],"_links":{"self":[{"href":"https:\/\/ocentrodedianacasa.igualdadebenestar.org\/index.php?rest_route=\/wp\/v2\/posts\/2761"}],"collection":[{"href":"https:\/\/ocentrodedianacasa.igualdadebenestar.org\/index.php?rest_route=\/wp\/v2\/posts"}],"about":[{"href":"https:\/\/ocentrodedianacasa.igualdadebenestar.org\/index.php?rest_route=\/wp\/v2\/types\/post"}],"author":[{"embeddable":true,"href":"https:\/\/ocentrodedianacasa.igualdadebenestar.org\/index.php?rest_route=\/wp\/v2\/users\/3"}],"replies":[{"embeddable":true,"href":"https:\/\/ocentrodedianacasa.igualdadebenestar.org\/index.php?rest_route=%2Fwp%2Fv2%2Fcomments&post=2761"}],"version-history":[{"count":1,"href":"https:\/\/ocentrodedianacasa.igualdadebenestar.org\/index.php?rest_route=\/wp\/v2\/posts\/2761\/revisions"}],"predecessor-version":[{"id":2762,"href":"https:\/\/ocentrodedianacasa.igualdadebenestar.org\/index.php?rest_route=\/wp\/v2\/posts\/2761\/revisions\/2762"}],"wp:attachment":[{"href":"https:\/\/ocentrodedianacasa.igualdadebenestar.org\/index.php?rest_route=%2Fwp%2Fv2%2Fmedia&parent=2761"}],"wp:term":[{"taxonomy":"category","embeddable":true,"href":"https:\/\/ocentrodedianacasa.igualdadebenestar.org\/index.php?rest_route=%2Fwp%2Fv2%2Fcategories&post=2761"},{"taxonomy":"post_tag","embeddable":true,"href":"https:\/\/ocentrodedianacasa.igualdadebenestar.org\/index.php?rest_route=%2Fwp%2Fv2%2Ftags&post=2761"}],"curies":[{"name":"wp","href":"https:\/\/api.w.org\/{rel}","templated":true}]}}