{"id":2678,"date":"2021-04-23T08:25:05","date_gmt":"2021-04-23T06:25:05","guid":{"rendered":"https:\/\/ocentrodedianacasa.igualdadebenestar.org\/?p=2678"},"modified":"2021-04-23T12:28:53","modified_gmt":"2021-04-23T10:28:53","slug":"dia-do-libro-dende-o-centro-de-dia-de-abadin","status":"publish","type":"post","link":"https:\/\/ocentrodedianacasa.igualdadebenestar.org\/?p=2678","title":{"rendered":"D\u00eda do libro dende o Centro de d\u00eda de Abad\u00edn"},"content":{"rendered":"\n<p>O d\u00eda do Libro cel\u00e9brase a nivel mundial cada 23 de abril. \u00c9 unha celebraci\u00f3n impulsada pola UNESCO co fin de promover a lectura e protexer os dereitos de autor. A data foi escollida porque curiosamente conmemora o falecemento de dous grandes escritores da humanidade: Miguel de Cervantes e William Shakespeare. Este ano, tivemos a oportunidade de conseguir d\u00faas versi\u00f3ns en lectura f\u00e1cil das s\u00faas obras m\u00e1is co\u00f1ecidas.<\/p>\n\n\n\n<p>Por un lado, Don Quijote de la Mancha (o m\u00e1is vendido da historia con m\u00e1is de 500 mill\u00f3ns de copias ) <\/p>\n\n\n\n<figure class=\"wp-block-image size-large\"><img loading=\"lazy\" width=\"1024\" height=\"768\" src=\"https:\/\/ocentrodedianacasa.igualdadebenestar.org\/wp-content\/uploads\/2021\/04\/FOTO-1_DIA-DO-LIBRO_CAPM-ABADIN-1024x768.jpg\" alt=\"\" class=\"wp-image-2683\" srcset=\"https:\/\/ocentrodedianacasa.igualdadebenestar.org\/wp-content\/uploads\/2021\/04\/FOTO-1_DIA-DO-LIBRO_CAPM-ABADIN-1024x768.jpg 1024w, https:\/\/ocentrodedianacasa.igualdadebenestar.org\/wp-content\/uploads\/2021\/04\/FOTO-1_DIA-DO-LIBRO_CAPM-ABADIN-300x225.jpg 300w, https:\/\/ocentrodedianacasa.igualdadebenestar.org\/wp-content\/uploads\/2021\/04\/FOTO-1_DIA-DO-LIBRO_CAPM-ABADIN-768x576.jpg 768w, https:\/\/ocentrodedianacasa.igualdadebenestar.org\/wp-content\/uploads\/2021\/04\/FOTO-1_DIA-DO-LIBRO_CAPM-ABADIN-1536x1152.jpg 1536w, https:\/\/ocentrodedianacasa.igualdadebenestar.org\/wp-content\/uploads\/2021\/04\/FOTO-1_DIA-DO-LIBRO_CAPM-ABADIN-2048x1536.jpg 2048w\" sizes=\"(max-width: 1024px) 100vw, 1024px\" \/><\/figure>\n\n\n\n<p>Por outro lado, Romeo y Julieta. <\/p>\n\n\n\n<figure class=\"wp-block-image size-large\"><img loading=\"lazy\" width=\"768\" height=\"1024\" src=\"https:\/\/ocentrodedianacasa.igualdadebenestar.org\/wp-content\/uploads\/2021\/04\/FOTO-2_DIA-DO-LIBRO_CAPM-ABADIN-768x1024.jpg\" alt=\"\" class=\"wp-image-2682\" srcset=\"https:\/\/ocentrodedianacasa.igualdadebenestar.org\/wp-content\/uploads\/2021\/04\/FOTO-2_DIA-DO-LIBRO_CAPM-ABADIN-768x1024.jpg 768w, https:\/\/ocentrodedianacasa.igualdadebenestar.org\/wp-content\/uploads\/2021\/04\/FOTO-2_DIA-DO-LIBRO_CAPM-ABADIN-225x300.jpg 225w, https:\/\/ocentrodedianacasa.igualdadebenestar.org\/wp-content\/uploads\/2021\/04\/FOTO-2_DIA-DO-LIBRO_CAPM-ABADIN-1152x1536.jpg 1152w, https:\/\/ocentrodedianacasa.igualdadebenestar.org\/wp-content\/uploads\/2021\/04\/FOTO-2_DIA-DO-LIBRO_CAPM-ABADIN-1536x2048.jpg 1536w, https:\/\/ocentrodedianacasa.igualdadebenestar.org\/wp-content\/uploads\/2021\/04\/FOTO-2_DIA-DO-LIBRO_CAPM-ABADIN-scaled.jpg 1920w\" sizes=\"(max-width: 768px) 100vw, 768px\" \/><\/figure>\n\n\n\n<p>Quedamos prendados de estes libros e quixemos indagar m\u00e1is sobre curiosidades de este d\u00eda tan especial, descubrindo as seguintes.<\/p>\n\n\n\n<ul><li>Est\u00edmase que o desenrolo da escritura ocorreu entre o ano 4000 antes de Cristo. O primeiro soporte utilizado era pedras, t\u00e1boass de madeira, osos, etc.<\/li><li>Na Mesopotamia, us\u00e1banse tabletas de arxila cando estaba h\u00famidas e logo deix\u00e1banse secar ao car\u00f3n do lume.<\/li><li>No antigo Exipto procesouse a planta de papiro dando lugar a rolos de ata 40 metros de longo.<\/li><li>O papel inventouse en china.<\/li><li>A produci\u00f3n de libros comezou na antiga Grecia. Hacia finais do s\u00e9culo IV, roma contaba cunhas 28 bibliotecas. Os monasterios convert\u00e9ronse en centros de conservaci\u00f3n de varios textos da antig\u00fcidade. Al\u00ed os monxes se dedicaban \u00e1 lectura e fac\u00edan copias de algunhas obras importantes. Pero tam\u00e9n borraban textos antigos para escribir novas palabras nos rolos.<\/li><li>Gutenberg inventou a imprenta no ano 1440, baixando o costo dos mesmos. Os anteriores ao ano 1501 son chamados incunables (unhos 30.000 considerados da primeira infancia)<\/li><li>O primeiro libro en braille foi creado en 1829<\/li><li>O libro m\u00e1is caro da historia foi vendido a Bill Gates por 49.8 mill\u00f3ns de dolares e cont\u00e9n textos e debuxos de Leonardo Da Vinci<\/li><li>A biblia tam\u00e9n \u00e9 un dos libros m\u00e1is vendidos<\/li><li>Bibliosmia \u00e9 o amor polo olor que desprenden os libros vellos.<\/li><\/ul>\n\n\n\n<p>Pero adem\u00e1is de curiosar para adquirir novos aprendizaxes, tam\u00e9n quixemos compartir os nosos libros favoritos escritos en galego. Aqu\u00ed tedes unha listaxe que vos animamos a conseguir.<\/p>\n\n\n\n<p>OS NOSOS TRES FAVORITOS<\/p>\n\n\n\n<figure class=\"wp-block-image size-large\"><img loading=\"lazy\" width=\"270\" height=\"360\" src=\"https:\/\/ocentrodedianacasa.igualdadebenestar.org\/wp-content\/uploads\/2021\/04\/FOTO-3_DIA-DO-LIBRO_CAPM-ABADIN.jpg\" alt=\"\" class=\"wp-image-2681\" srcset=\"https:\/\/ocentrodedianacasa.igualdadebenestar.org\/wp-content\/uploads\/2021\/04\/FOTO-3_DIA-DO-LIBRO_CAPM-ABADIN.jpg 270w, https:\/\/ocentrodedianacasa.igualdadebenestar.org\/wp-content\/uploads\/2021\/04\/FOTO-3_DIA-DO-LIBRO_CAPM-ABADIN-225x300.jpg 225w\" sizes=\"(max-width: 270px) 100vw, 270px\" \/><\/figure>\n\n\n\n<p>1. Eu son Elvira<\/p>\n\n\n\n<p>2. Cham\u00e1deme Simbad<\/p>\n\n\n\n<p>3. Memorias dun neno Labrego<\/p>\n\n\n\n<p>DESCARGABLES<\/p>\n\n\n\n<p>1. Eu non canto por cantar<\/p>\n\n\n\n<p>2- 100 mulleres galegas<\/p>\n\n\n\n<p>OUTROS<\/p>\n\n\n\n<figure class=\"wp-block-image size-large\"><img loading=\"lazy\" width=\"270\" height=\"360\" src=\"https:\/\/ocentrodedianacasa.igualdadebenestar.org\/wp-content\/uploads\/2021\/04\/FOTO-4_DIA-DO-LIBRO_CAPM-ABADIN.jpg\" alt=\"\" class=\"wp-image-2680\" srcset=\"https:\/\/ocentrodedianacasa.igualdadebenestar.org\/wp-content\/uploads\/2021\/04\/FOTO-4_DIA-DO-LIBRO_CAPM-ABADIN.jpg 270w, https:\/\/ocentrodedianacasa.igualdadebenestar.org\/wp-content\/uploads\/2021\/04\/FOTO-4_DIA-DO-LIBRO_CAPM-ABADIN-225x300.jpg 225w\" sizes=\"(max-width: 270px) 100vw, 270px\" \/><\/figure>\n\n\n\n<p>1- Os refr\u00e1ns na fala popular galega<\/p>\n\n\n\n<p>2- Arrolos, Trabalinguas, Adivi\u00f1as e Oraci\u00f3ns<\/p>\n\n\n\n<p>3- As sortes, cantigas e xogos<\/p>\n\n\n\n<p>4- 365 ditos e expresi\u00f3ns da Fala Popular galega<\/p>\n\n\n\n<p>5- O que contan os maiores<\/p>\n\n\n\n<p>6- Contos con filosof\u00eda<\/p>\n\n\n\n<p>7- A fala dos Bra\u00f1egos<\/p>\n\n\n\n<p>8- A cultura popular de tradici\u00f3n oral nos centros da Terceira Idade<\/p>\n\n\n\n<p>9. Contos populares da provincia de Lugo<\/p>\n\n\n\n<p>10. Caderno de estudios chairegos<\/p>\n\n\n\n<figure class=\"wp-block-image size-large\"><img loading=\"lazy\" width=\"270\" height=\"360\" src=\"https:\/\/ocentrodedianacasa.igualdadebenestar.org\/wp-content\/uploads\/2021\/04\/FOTO-5_DIA-DO-LIBRO_CAPM-ABADIN.jpg\" alt=\"\" class=\"wp-image-2679\" srcset=\"https:\/\/ocentrodedianacasa.igualdadebenestar.org\/wp-content\/uploads\/2021\/04\/FOTO-5_DIA-DO-LIBRO_CAPM-ABADIN.jpg 270w, https:\/\/ocentrodedianacasa.igualdadebenestar.org\/wp-content\/uploads\/2021\/04\/FOTO-5_DIA-DO-LIBRO_CAPM-ABADIN-225x300.jpg 225w\" sizes=\"(max-width: 270px) 100vw, 270px\" \/><\/figure>\n ","protected":false},"excerpt":{"rendered":"<p>O d\u00eda do Libro cel\u00e9brase a nivel mundial cada 23 de abril. \u00c9 unha celebraci\u00f3n impulsada pola UNESCO co fin de promover a lectura e protexer os dereitos de autor. <a class=\"more-link\" href=\"https:\/\/ocentrodedianacasa.igualdadebenestar.org\/?p=2678\">Continue Reading &rarr;<\/a><\/p>\n","protected":false},"author":3,"featured_media":0,"comment_status":"open","ping_status":"open","sticky":false,"template":"","format":"standard","meta":[],"categories":[44],"tags":[],"post_mailing_queue_ids":[],"_links":{"self":[{"href":"https:\/\/ocentrodedianacasa.igualdadebenestar.org\/index.php?rest_route=\/wp\/v2\/posts\/2678"}],"collection":[{"href":"https:\/\/ocentrodedianacasa.igualdadebenestar.org\/index.php?rest_route=\/wp\/v2\/posts"}],"about":[{"href":"https:\/\/ocentrodedianacasa.igualdadebenestar.org\/index.php?rest_route=\/wp\/v2\/types\/post"}],"author":[{"embeddable":true,"href":"https:\/\/ocentrodedianacasa.igualdadebenestar.org\/index.php?rest_route=\/wp\/v2\/users\/3"}],"replies":[{"embeddable":true,"href":"https:\/\/ocentrodedianacasa.igualdadebenestar.org\/index.php?rest_route=%2Fwp%2Fv2%2Fcomments&post=2678"}],"version-history":[{"count":1,"href":"https:\/\/ocentrodedianacasa.igualdadebenestar.org\/index.php?rest_route=\/wp\/v2\/posts\/2678\/revisions"}],"predecessor-version":[{"id":2684,"href":"https:\/\/ocentrodedianacasa.igualdadebenestar.org\/index.php?rest_route=\/wp\/v2\/posts\/2678\/revisions\/2684"}],"wp:attachment":[{"href":"https:\/\/ocentrodedianacasa.igualdadebenestar.org\/index.php?rest_route=%2Fwp%2Fv2%2Fmedia&parent=2678"}],"wp:term":[{"taxonomy":"category","embeddable":true,"href":"https:\/\/ocentrodedianacasa.igualdadebenestar.org\/index.php?rest_route=%2Fwp%2Fv2%2Fcategories&post=2678"},{"taxonomy":"post_tag","embeddable":true,"href":"https:\/\/ocentrodedianacasa.igualdadebenestar.org\/index.php?rest_route=%2Fwp%2Fv2%2Ftags&post=2678"}],"curies":[{"name":"wp","href":"https:\/\/api.w.org\/{rel}","templated":true}]}}