{"id":2596,"date":"2021-02-01T15:20:00","date_gmt":"2021-02-01T14:20:00","guid":{"rendered":"https:\/\/ocentrodedianacasa.igualdadebenestar.org\/?p=2596"},"modified":"2021-02-03T15:22:28","modified_gmt":"2021-02-03T14:22:28","slug":"a-persoaxe-segreda-do-mes","status":"publish","type":"post","link":"https:\/\/ocentrodedianacasa.igualdadebenestar.org\/?p=2596","title":{"rendered":"A persoaxe segreda do mes"},"content":{"rendered":"\n<figure class=\"wp-block-table\"><table><tbody><tr><td>Remata a costa de Xaneiro e comeza xa o segundo mes do ano. Atr\u00e9veste a adivi\u00f1ar a terceira personaxe secreta? <br><br>Contan as lendas que al\u00f3 polo ano 270 antes de Cristo, o emperador Claudio II prohib\u00eda casarse \u00e1s parellas m\u00e1is novas, porque a seu xuizo os solteiros sen fillos eran mellores soldados. Pero un m\u00e9dico convertido a sacerdote consideraba inxusto este decreto e desafiou ao gobernante, casando en secreto aos namorados. <br><br>Segundo os rexistros cat\u00f3licos, este romano era famoso pola s\u00faa santidade. Varios homes de confianza do reinado intentaron convertelo \u00e1 relixi\u00f3n polite\u00edsta sen \u00e9xito. Un deles (Asterius) non s\u00f3 non logrou facelo claudicar, sen\u00f3n que el mesmo converteuse en cristi\u00e1n despois de ver como a s\u00faa filla, cega dende pequena, recuperaba milagrosamente a vista por intercesi\u00f3n do sacerdote. <br><br>Decatado da historia, Claudio II mandouno decapitar un 14 de febreiro na V\u00eda Flaminia romana, cerca do lugar onde despois foi soterrado. Esta data foi inclu\u00edda como festividade no calendario lit\u00farxico tradicional e celebrada pola Igrexa Cat\u00f3lica nos seguintes 15 s\u00e9culos. Pero en 1969, baixo o pontificado de Pablo IV e despois do Concilio Vaticano II, foi eliminado. <br><br>As\u00ed pasou a ser unha data con santo, pero sen celebraci\u00f3n. No s\u00e9culo XX converteuse nun gran negocio, cando a revoluci\u00f3n industrial permitiu a produci\u00f3n en cadea de tarxetas de felicitaci\u00f3n para os namorados. Os estadounidenses, por exemplo, gastan en tarxetas e outros detalles para ese d\u00eda m\u00e1is de US$18.900 mill\u00f3ns, segundo a Federaci\u00f3n Nacional de Comercio de EE.UU. De esta forma, a festividade da fertilidade da Antiga Roma, transformou o d\u00eda para conmemorar a un m\u00e1rtir, nunha ocasi\u00f3n para o negocio global. <\/td><\/tr><\/tbody><\/table><\/figure>\n\n\n\n<div class=\"wp-block-image\"><figure class=\"aligncenter size-large\"><img loading=\"lazy\" width=\"310\" height=\"163\" src=\"https:\/\/ocentrodedianacasa.igualdadebenestar.org\/wp-content\/uploads\/2021\/02\/PERSONAXE-SECRETA_SAN-VALENTIN_1.jpg\" alt=\"\" class=\"wp-image-2598\" srcset=\"https:\/\/ocentrodedianacasa.igualdadebenestar.org\/wp-content\/uploads\/2021\/02\/PERSONAXE-SECRETA_SAN-VALENTIN_1.jpg 310w, https:\/\/ocentrodedianacasa.igualdadebenestar.org\/wp-content\/uploads\/2021\/02\/PERSONAXE-SECRETA_SAN-VALENTIN_1-300x158.jpg 300w\" sizes=\"(max-width: 310px) 100vw, 310px\" \/><\/figure><\/div>\n\n\n\n<figure class=\"wp-block-image size-large\"><img loading=\"lazy\" width=\"720\" height=\"785\" src=\"https:\/\/ocentrodedianacasa.igualdadebenestar.org\/wp-content\/uploads\/2021\/02\/PERSONAXE-SECRETA_SAN-VALENTIN_2.jpg\" alt=\"\" class=\"wp-image-2597\" srcset=\"https:\/\/ocentrodedianacasa.igualdadebenestar.org\/wp-content\/uploads\/2021\/02\/PERSONAXE-SECRETA_SAN-VALENTIN_2.jpg 720w, https:\/\/ocentrodedianacasa.igualdadebenestar.org\/wp-content\/uploads\/2021\/02\/PERSONAXE-SECRETA_SAN-VALENTIN_2-275x300.jpg 275w\" sizes=\"(max-width: 720px) 100vw, 720px\" \/><\/figure>\n ","protected":false},"excerpt":{"rendered":"<p>Remata a costa de Xaneiro e comeza xa o segundo mes do ano. Atr\u00e9veste a adivi\u00f1ar a terceira personaxe secreta? Contan as lendas que al\u00f3 polo ano 270 antes de <a class=\"more-link\" href=\"https:\/\/ocentrodedianacasa.igualdadebenestar.org\/?p=2596\">Continue Reading &rarr;<\/a><\/p>\n","protected":false},"author":3,"featured_media":0,"comment_status":"open","ping_status":"open","sticky":false,"template":"","format":"standard","meta":[],"categories":[17],"tags":[],"post_mailing_queue_ids":[],"_links":{"self":[{"href":"https:\/\/ocentrodedianacasa.igualdadebenestar.org\/index.php?rest_route=\/wp\/v2\/posts\/2596"}],"collection":[{"href":"https:\/\/ocentrodedianacasa.igualdadebenestar.org\/index.php?rest_route=\/wp\/v2\/posts"}],"about":[{"href":"https:\/\/ocentrodedianacasa.igualdadebenestar.org\/index.php?rest_route=\/wp\/v2\/types\/post"}],"author":[{"embeddable":true,"href":"https:\/\/ocentrodedianacasa.igualdadebenestar.org\/index.php?rest_route=\/wp\/v2\/users\/3"}],"replies":[{"embeddable":true,"href":"https:\/\/ocentrodedianacasa.igualdadebenestar.org\/index.php?rest_route=%2Fwp%2Fv2%2Fcomments&post=2596"}],"version-history":[{"count":1,"href":"https:\/\/ocentrodedianacasa.igualdadebenestar.org\/index.php?rest_route=\/wp\/v2\/posts\/2596\/revisions"}],"predecessor-version":[{"id":2599,"href":"https:\/\/ocentrodedianacasa.igualdadebenestar.org\/index.php?rest_route=\/wp\/v2\/posts\/2596\/revisions\/2599"}],"wp:attachment":[{"href":"https:\/\/ocentrodedianacasa.igualdadebenestar.org\/index.php?rest_route=%2Fwp%2Fv2%2Fmedia&parent=2596"}],"wp:term":[{"taxonomy":"category","embeddable":true,"href":"https:\/\/ocentrodedianacasa.igualdadebenestar.org\/index.php?rest_route=%2Fwp%2Fv2%2Fcategories&post=2596"},{"taxonomy":"post_tag","embeddable":true,"href":"https:\/\/ocentrodedianacasa.igualdadebenestar.org\/index.php?rest_route=%2Fwp%2Fv2%2Ftags&post=2596"}],"curies":[{"name":"wp","href":"https:\/\/api.w.org\/{rel}","templated":true}]}}