{"id":2573,"date":"2021-02-05T08:38:00","date_gmt":"2021-02-05T07:38:00","guid":{"rendered":"https:\/\/ocentrodedianacasa.igualdadebenestar.org\/?p=2573"},"modified":"2021-02-04T08:31:35","modified_gmt":"2021-02-04T07:31:35","slug":"o-entroido-nos-centros-de-dia-dende-o-centro-de-dia-de-abadin","status":"publish","type":"post","link":"https:\/\/ocentrodedianacasa.igualdadebenestar.org\/?p=2573","title":{"rendered":"\u201cO ENTROIDO NOS CENTROS DE D\u00cdA\u201d dende o Centro de d\u00eda de Abad\u00edn"},"content":{"rendered":"\n<figure class=\"wp-block-embed-youtube wp-block-embed is-type-video is-provider-youtube wp-embed-aspect-4-3 wp-has-aspect-ratio\"><div class=\"wp-block-embed__wrapper\">\n<iframe title=\"Antroido\" width=\"678\" height=\"509\" src=\"https:\/\/www.youtube.com\/embed\/IEwrmicMqrg?feature=oembed\" frameborder=\"0\" allow=\"accelerometer; autoplay; clipboard-write; encrypted-media; gyroscope; picture-in-picture\" allowfullscreen><\/iframe>\n<\/div><\/figure>\n\n\n\n<p>Fai un ano, algunhas persoas usuarias do centro de d\u00eda de Abad\u00edn e as s\u00faas familias present\u00e1monos por primeira vez ao desfile de Entroido do pobo. Foi moi emocionante. Pux\u00e9ronnos unha fila de cadeiras para que viramos todas as comparsas con seguridade. E cando nos tocou mostrarnos ao p\u00fablico, observamos que todos nos aplaud\u00edan e animaban. Pensamos que t\u00ed\u00f1amos moitos fans e non se nos pod\u00eda sacar o sorriso da cara. Pero iso non foi todo.<\/p>\n\n\n\n<figure class=\"wp-block-image size-large\"><img loading=\"lazy\" width=\"668\" height=\"519\" src=\"https:\/\/ocentrodedianacasa.igualdadebenestar.org\/wp-content\/uploads\/2021\/02\/Captura-de-pantalla_2021-02-03_14-43-23.png\" alt=\"\" class=\"wp-image-2574\" srcset=\"https:\/\/ocentrodedianacasa.igualdadebenestar.org\/wp-content\/uploads\/2021\/02\/Captura-de-pantalla_2021-02-03_14-43-23.png 668w, https:\/\/ocentrodedianacasa.igualdadebenestar.org\/wp-content\/uploads\/2021\/02\/Captura-de-pantalla_2021-02-03_14-43-23-300x233.png 300w\" sizes=\"(max-width: 668px) 100vw, 668px\" \/><\/figure>\n\n\n\n<p>Bot\u00e1moslle moita cara e adue\u00f1\u00e1monos do micr\u00f3fono. Falamos dos recursos que temos en Abad\u00edn (os greli\u00f1os, a carne das matanzas do porco, a boa xente&#8230;). Parodiamos \u00e1s d\u00faas Mar\u00edas de Santiago de Compostela e ao se\u00f1or alcalde. Incluso sacamos unha foto con \u00e9l d\u00e1ndolle un bico. As\u00ed \u00e9 o entroido. Quedamos ata o final, d\u00e9ronnos chocolate con churros e ga\u00f1amos UN DOS PREMIOS. Non o pod\u00edamos crer. A entrega foi con confeti incluido e subida ao podium.<\/p>\n\n\n\n<p>Foi o \u00faltimo evento que tivemos antes de que estallase a pandemia. Con motivo de este recordo tan especial decidimos convocar o noso I CONCURSO DE FOTOGRAF\u00cdA: MASCARITAS DE ENTROIDO FEITAS A MAN\u201d<\/p>\n\n\n\n<p>A idea \u00e9 que nos enviedes unha foto do traxe de entroido que m\u00e1is vos gustou dos que fix\u00e9stedes nos vosos centros. A m\u00e1is votada polas persoas usuarias ser\u00e1 a ga\u00f1adora.<\/p>\n\n\n\n<p>PLAZO DE ENTREGA: ata o 28 de Febreiro de 2021.<\/p>\n\n\n\n<p>DIRECCI\u00d3N: <a href=\"mailto:abadin.consorcio@igualdadebenestar.org\">abadin.consorcio@igualdadebenestar.org<\/a><\/p>\n\n\n\n<p>ASUNTO: Para concurso de fotograf\u00eda dende o Centro de d\u00eda de &#8230;&#8230;&#8230;<\/p>\n\n\n\n<p>Moitas gracias pola vosa atenci\u00f3n e esperamos a que vos animedes a participar!!<\/p>\n ","protected":false},"excerpt":{"rendered":"<p>Fai un ano, algunhas persoas usuarias do centro de d\u00eda de Abad\u00edn e as s\u00faas familias present\u00e1monos por primeira vez ao desfile de Entroido do pobo. Foi moi emocionante. Pux\u00e9ronnos <a class=\"more-link\" href=\"https:\/\/ocentrodedianacasa.igualdadebenestar.org\/?p=2573\">Continue Reading &rarr;<\/a><\/p>\n","protected":false},"author":3,"featured_media":0,"comment_status":"open","ping_status":"open","sticky":false,"template":"","format":"standard","meta":[],"categories":[44],"tags":[],"post_mailing_queue_ids":[],"_links":{"self":[{"href":"https:\/\/ocentrodedianacasa.igualdadebenestar.org\/index.php?rest_route=\/wp\/v2\/posts\/2573"}],"collection":[{"href":"https:\/\/ocentrodedianacasa.igualdadebenestar.org\/index.php?rest_route=\/wp\/v2\/posts"}],"about":[{"href":"https:\/\/ocentrodedianacasa.igualdadebenestar.org\/index.php?rest_route=\/wp\/v2\/types\/post"}],"author":[{"embeddable":true,"href":"https:\/\/ocentrodedianacasa.igualdadebenestar.org\/index.php?rest_route=\/wp\/v2\/users\/3"}],"replies":[{"embeddable":true,"href":"https:\/\/ocentrodedianacasa.igualdadebenestar.org\/index.php?rest_route=%2Fwp%2Fv2%2Fcomments&post=2573"}],"version-history":[{"count":2,"href":"https:\/\/ocentrodedianacasa.igualdadebenestar.org\/index.php?rest_route=\/wp\/v2\/posts\/2573\/revisions"}],"predecessor-version":[{"id":2608,"href":"https:\/\/ocentrodedianacasa.igualdadebenestar.org\/index.php?rest_route=\/wp\/v2\/posts\/2573\/revisions\/2608"}],"wp:attachment":[{"href":"https:\/\/ocentrodedianacasa.igualdadebenestar.org\/index.php?rest_route=%2Fwp%2Fv2%2Fmedia&parent=2573"}],"wp:term":[{"taxonomy":"category","embeddable":true,"href":"https:\/\/ocentrodedianacasa.igualdadebenestar.org\/index.php?rest_route=%2Fwp%2Fv2%2Fcategories&post=2573"},{"taxonomy":"post_tag","embeddable":true,"href":"https:\/\/ocentrodedianacasa.igualdadebenestar.org\/index.php?rest_route=%2Fwp%2Fv2%2Ftags&post=2573"}],"curies":[{"name":"wp","href":"https:\/\/api.w.org\/{rel}","templated":true}]}}