{"id":2566,"date":"2021-01-21T07:13:52","date_gmt":"2021-01-21T06:13:52","guid":{"rendered":"https:\/\/ocentrodedianacasa.igualdadebenestar.org\/?p=2566"},"modified":"2021-01-21T09:22:43","modified_gmt":"2021-01-21T08:22:43","slug":"movamos-a-mente-dende-o-centro-de-dia-de-cuntis","status":"publish","type":"post","link":"https:\/\/ocentrodedianacasa.igualdadebenestar.org\/?p=2566","title":{"rendered":"MOVAMOS A MENTE dende o centro de d\u00eda de Cuntis"},"content":{"rendered":"\n<p>Co\u00f1ecendo as novas tecnolox\u00edas \u00e9 unha proposta pola cal se busca achegar as novas tecnolox\u00edas \u00e1s persoas maiores. Na imaxe p\u00f3dese consultar informaci\u00f3n de interese para o emprego desta ferramenta para persoas tanto con deterioro cognitivo leve como sen el.<\/p>\n\n\n\n<figure class=\"wp-block-image size-large\"><img loading=\"lazy\" width=\"724\" height=\"1024\" src=\"https:\/\/ocentrodedianacasa.igualdadebenestar.org\/wp-content\/uploads\/2021\/01\/CAPM-CUNTIS_MOVAMOS-A-MENTE_Conecendo-as-novas-tecnoloxias-724x1024.jpg\" alt=\"\" class=\"wp-image-2567\" srcset=\"https:\/\/ocentrodedianacasa.igualdadebenestar.org\/wp-content\/uploads\/2021\/01\/CAPM-CUNTIS_MOVAMOS-A-MENTE_Conecendo-as-novas-tecnoloxias-724x1024.jpg 724w, https:\/\/ocentrodedianacasa.igualdadebenestar.org\/wp-content\/uploads\/2021\/01\/CAPM-CUNTIS_MOVAMOS-A-MENTE_Conecendo-as-novas-tecnoloxias-212x300.jpg 212w, https:\/\/ocentrodedianacasa.igualdadebenestar.org\/wp-content\/uploads\/2021\/01\/CAPM-CUNTIS_MOVAMOS-A-MENTE_Conecendo-as-novas-tecnoloxias-768x1086.jpg 768w, https:\/\/ocentrodedianacasa.igualdadebenestar.org\/wp-content\/uploads\/2021\/01\/CAPM-CUNTIS_MOVAMOS-A-MENTE_Conecendo-as-novas-tecnoloxias-1086x1536.jpg 1086w, https:\/\/ocentrodedianacasa.igualdadebenestar.org\/wp-content\/uploads\/2021\/01\/CAPM-CUNTIS_MOVAMOS-A-MENTE_Conecendo-as-novas-tecnoloxias.jpg 1414w\" sizes=\"(max-width: 724px) 100vw, 724px\" \/><\/figure>\n\n\n\n<p>A utilizaci\u00f3n das novas tecnolox\u00edas pode ser unha opci\u00f3n de estimulaci\u00f3n da mente, de lecer, de adestramento de habilidades e de participaci\u00f3n no entorno. Tr\u00e1tase dunha ferramenta que impacta moi positivamente na autoestima das persoas, ao poder aumentar as s\u00faas habilidades e a trav\u00e9s desta poder ter contacto con m\u00e1is persoas, mellorando as\u00ed a s\u00faa calidade de vida.<\/p>\n\n\n\n<p>Alg\u00fans dos beneficios que aparecen en estudos son:<\/p>\n\n\n\n<p>&#8211; Aumento da interacci\u00f3n social.<\/p>\n\n\n\n<p>&#8211; Mellora da relaci\u00f3n coa persoa que o\/a acompa\u00f1a.<\/p>\n\n\n\n<p>&#8211; Aumento da comunicaci\u00f3n.<\/p>\n\n\n\n<p>&#8211; Mellora o contacto interxeracional.<\/p>\n\n\n\n<p>&#8211; Mellora a calidade de vida e o benestar da persoa.<\/p>\n\n\n\n<p>Para esta actividade ser\u00e1 necesario dispo\u00f1er dunha tableta con sistema Android e con acceso a internet. Na imaxe res\u00famense os 5 puntos m\u00e1is importantes a ter en conta para comezar a empregar as novas tecnolox\u00edas coas persoas maiores.<\/p>\n\n\n\n<p>Como todo, \u00e9 cuesti\u00f3n de ir probando, pero a motivaci\u00f3n da persoa verase incrementada tras cada sesi\u00f3n, sempre recordando respectar os tempos de cada persoa e adecuar as actividades \u00e1s capacidades existentes.<\/p>\n ","protected":false},"excerpt":{"rendered":"<p>Co\u00f1ecendo as novas tecnolox\u00edas \u00e9 unha proposta pola cal se busca achegar as novas tecnolox\u00edas \u00e1s persoas maiores. Na imaxe p\u00f3dese consultar informaci\u00f3n de interese para o emprego desta ferramenta <a class=\"more-link\" href=\"https:\/\/ocentrodedianacasa.igualdadebenestar.org\/?p=2566\">Continue Reading &rarr;<\/a><\/p>\n","protected":false},"author":3,"featured_media":0,"comment_status":"open","ping_status":"open","sticky":false,"template":"","format":"standard","meta":[],"categories":[22],"tags":[],"post_mailing_queue_ids":[],"_links":{"self":[{"href":"https:\/\/ocentrodedianacasa.igualdadebenestar.org\/index.php?rest_route=\/wp\/v2\/posts\/2566"}],"collection":[{"href":"https:\/\/ocentrodedianacasa.igualdadebenestar.org\/index.php?rest_route=\/wp\/v2\/posts"}],"about":[{"href":"https:\/\/ocentrodedianacasa.igualdadebenestar.org\/index.php?rest_route=\/wp\/v2\/types\/post"}],"author":[{"embeddable":true,"href":"https:\/\/ocentrodedianacasa.igualdadebenestar.org\/index.php?rest_route=\/wp\/v2\/users\/3"}],"replies":[{"embeddable":true,"href":"https:\/\/ocentrodedianacasa.igualdadebenestar.org\/index.php?rest_route=%2Fwp%2Fv2%2Fcomments&post=2566"}],"version-history":[{"count":1,"href":"https:\/\/ocentrodedianacasa.igualdadebenestar.org\/index.php?rest_route=\/wp\/v2\/posts\/2566\/revisions"}],"predecessor-version":[{"id":2568,"href":"https:\/\/ocentrodedianacasa.igualdadebenestar.org\/index.php?rest_route=\/wp\/v2\/posts\/2566\/revisions\/2568"}],"wp:attachment":[{"href":"https:\/\/ocentrodedianacasa.igualdadebenestar.org\/index.php?rest_route=%2Fwp%2Fv2%2Fmedia&parent=2566"}],"wp:term":[{"taxonomy":"category","embeddable":true,"href":"https:\/\/ocentrodedianacasa.igualdadebenestar.org\/index.php?rest_route=%2Fwp%2Fv2%2Fcategories&post=2566"},{"taxonomy":"post_tag","embeddable":true,"href":"https:\/\/ocentrodedianacasa.igualdadebenestar.org\/index.php?rest_route=%2Fwp%2Fv2%2Ftags&post=2566"}],"curies":[{"name":"wp","href":"https:\/\/api.w.org\/{rel}","templated":true}]}}