{"id":2535,"date":"2020-12-31T08:47:00","date_gmt":"2020-12-31T07:47:00","guid":{"rendered":"https:\/\/ocentrodedianacasa.igualdadebenestar.org\/?p=2535"},"modified":"2020-12-30T12:05:33","modified_gmt":"2020-12-30T11:05:33","slug":"2535","status":"publish","type":"post","link":"https:\/\/ocentrodedianacasa.igualdadebenestar.org\/?p=2535","title":{"rendered":""},"content":{"rendered":"\n<p>Dende o Blog o centro de d\u00eda na casa queremos desexarvos un pr\u00f3spero ano 2021, cheo de esperanza, de boas novas, de ilusi\u00f3n e paix\u00f3n. <\/p>\n\n\n\n<p>Queremos tam\u00e9n trasladarvos o noso agradecemento, a maiores, familias, traballadores, colaboradores&#8230; por estar o noso car\u00f3n dende a distancia, e ofrecernos o calor da vosa compa\u00f1a. <\/p>\n\n\n\n<p>Foron miles os ollos que nos seguiron, miles as entradas a esta nosa casa dixital, a todas GRACIAS <\/p>\n\n\n\n<figure class=\"wp-block-image size-large\"><img loading=\"lazy\" width=\"1024\" height=\"344\" src=\"https:\/\/ocentrodedianacasa.igualdadebenestar.org\/wp-content\/uploads\/2020\/12\/Captura-de-pantalla_2020-12-30_11-24-33-1024x344.png\" alt=\"\" class=\"wp-image-2536\" srcset=\"https:\/\/ocentrodedianacasa.igualdadebenestar.org\/wp-content\/uploads\/2020\/12\/Captura-de-pantalla_2020-12-30_11-24-33-1024x344.png 1024w, https:\/\/ocentrodedianacasa.igualdadebenestar.org\/wp-content\/uploads\/2020\/12\/Captura-de-pantalla_2020-12-30_11-24-33-300x101.png 300w, https:\/\/ocentrodedianacasa.igualdadebenestar.org\/wp-content\/uploads\/2020\/12\/Captura-de-pantalla_2020-12-30_11-24-33-768x258.png 768w, https:\/\/ocentrodedianacasa.igualdadebenestar.org\/wp-content\/uploads\/2020\/12\/Captura-de-pantalla_2020-12-30_11-24-33.png 1519w\" sizes=\"(max-width: 1024px) 100vw, 1024px\" \/><\/figure>\n\n\n\n<p><\/p>\n\n\n\n<p><\/p>\n\n\n\n<p><\/p>\n ","protected":false},"excerpt":{"rendered":"<p>Dende o Blog o centro de d\u00eda na casa queremos desexarvos un pr\u00f3spero ano 2021, cheo de esperanza, de boas novas, de ilusi\u00f3n e paix\u00f3n. Queremos tam\u00e9n trasladarvos o noso <a class=\"more-link\" href=\"https:\/\/ocentrodedianacasa.igualdadebenestar.org\/?p=2535\">Continue Reading &rarr;<\/a><\/p>\n","protected":false},"author":3,"featured_media":0,"comment_status":"open","ping_status":"open","sticky":false,"template":"","format":"aside","meta":[],"categories":[44],"tags":[],"post_mailing_queue_ids":[],"_links":{"self":[{"href":"https:\/\/ocentrodedianacasa.igualdadebenestar.org\/index.php?rest_route=\/wp\/v2\/posts\/2535"}],"collection":[{"href":"https:\/\/ocentrodedianacasa.igualdadebenestar.org\/index.php?rest_route=\/wp\/v2\/posts"}],"about":[{"href":"https:\/\/ocentrodedianacasa.igualdadebenestar.org\/index.php?rest_route=\/wp\/v2\/types\/post"}],"author":[{"embeddable":true,"href":"https:\/\/ocentrodedianacasa.igualdadebenestar.org\/index.php?rest_route=\/wp\/v2\/users\/3"}],"replies":[{"embeddable":true,"href":"https:\/\/ocentrodedianacasa.igualdadebenestar.org\/index.php?rest_route=%2Fwp%2Fv2%2Fcomments&post=2535"}],"version-history":[{"count":1,"href":"https:\/\/ocentrodedianacasa.igualdadebenestar.org\/index.php?rest_route=\/wp\/v2\/posts\/2535\/revisions"}],"predecessor-version":[{"id":2537,"href":"https:\/\/ocentrodedianacasa.igualdadebenestar.org\/index.php?rest_route=\/wp\/v2\/posts\/2535\/revisions\/2537"}],"wp:attachment":[{"href":"https:\/\/ocentrodedianacasa.igualdadebenestar.org\/index.php?rest_route=%2Fwp%2Fv2%2Fmedia&parent=2535"}],"wp:term":[{"taxonomy":"category","embeddable":true,"href":"https:\/\/ocentrodedianacasa.igualdadebenestar.org\/index.php?rest_route=%2Fwp%2Fv2%2Fcategories&post=2535"},{"taxonomy":"post_tag","embeddable":true,"href":"https:\/\/ocentrodedianacasa.igualdadebenestar.org\/index.php?rest_route=%2Fwp%2Fv2%2Ftags&post=2535"}],"curies":[{"name":"wp","href":"https:\/\/api.w.org\/{rel}","templated":true}]}}