{"id":2427,"date":"2020-11-13T05:16:00","date_gmt":"2020-11-13T04:16:00","guid":{"rendered":"https:\/\/ocentrodedianacasa.igualdadebenestar.org\/?p=2427"},"modified":"2020-11-12T13:48:24","modified_gmt":"2020-11-12T12:48:24","slug":"marta-c-gonzalez-enferma-de-alzheimer-e-bailarina","status":"publish","type":"post","link":"https:\/\/ocentrodedianacasa.igualdadebenestar.org\/?p=2427","title":{"rendered":"Marta C. Gonz\u00e1lez, enferma de Alzheimer e bailarina&#8230;"},"content":{"rendered":"\n<figure class=\"wp-block-embed-youtube wp-block-embed is-type-video is-provider-youtube wp-embed-aspect-16-9 wp-has-aspect-ratio\"><div class=\"wp-block-embed__wrapper\">\n<iframe title=\"Primera Bailarina - Ballet en Nueva York - A\u00f1os 60 - M\u00fasica para Despertar\" width=\"678\" height=\"381\" src=\"https:\/\/www.youtube.com\/embed\/owb1uWDg3QM?feature=oembed\" frameborder=\"0\" allow=\"accelerometer; autoplay; clipboard-write; encrypted-media; gyroscope; picture-in-picture\" allowfullscreen><\/iframe>\n<\/div><\/figure>\n\n\n\n<p>A reacci\u00f3n de Marta C. Gonz\u00e1lez, enferma de Alzheimer e bailarina profesional durante moitos anos, cando escoita <em>El lago de los cisnes<\/em> de &nbsp;Tchaikovsky, prod\u00faceme unha emoci\u00f3n que percorre o meu corpo dun extremo ao outro, de s\u00fapeto, como se presentan sempre as emoci\u00f3ns, sen previo aviso. Faime reflexionar sobre a intensidade das sensaci\u00f3ns que Marta debeu experimentar ao escoitar a melod\u00eda, para que a s\u00faa reacci\u00f3n provocara en min esa emoci\u00f3n emp\u00e1tica, froito do que ela estaba expresando mentres sent\u00eda e se trasladaba a un deses momentos vividos nos que bailou sobre un escenario e que a\u00ednda est\u00e1n a\u00ed presentes, dentro desa mente enferma pero que, malia a iso, segue estando a\u00ed, agochada nun recuncho, t\u00edmida e asustada, esperando o momento de poder manifestarse, esperando ese est\u00edmulo, ese son, esa imaxe, esa caricia, ese bico que a axude a atopar a sa\u00edda e poder mostrarse, a\u00ednda que so sexa por un par de minutos.<\/p>\n\n\n\n<p>Lembr\u00e9monos de cantas Martas C. temos preto e sexamos conscientes de que, para cada unha delas, n\u00f3s podemos ser ese est\u00edmulo, ese son, esa imaxe, esa caricia, ese bico que as axude a continuar sendo elas, porque elas sempre est\u00e1n a\u00ed, malia que as veces non podamos velas.<\/p>\n\n\n\n<p><em> Loli Neira. Psic\u00f3loga da equipa de traballo do blog O centro de d\u00eda na casa<\/em><\/p>\n\n\n\n<p><\/p>\n ","protected":false},"excerpt":{"rendered":"<p>A reacci\u00f3n de Marta C. Gonz\u00e1lez, enferma de Alzheimer e bailarina profesional durante moitos anos, cando escoita El lago de los cisnes de &nbsp;Tchaikovsky, prod\u00faceme unha emoci\u00f3n que percorre o <a class=\"more-link\" href=\"https:\/\/ocentrodedianacasa.igualdadebenestar.org\/?p=2427\">Continue Reading &rarr;<\/a><\/p>\n","protected":false},"author":3,"featured_media":0,"comment_status":"open","ping_status":"open","sticky":false,"template":"","format":"standard","meta":[],"categories":[37],"tags":[],"post_mailing_queue_ids":[],"_links":{"self":[{"href":"https:\/\/ocentrodedianacasa.igualdadebenestar.org\/index.php?rest_route=\/wp\/v2\/posts\/2427"}],"collection":[{"href":"https:\/\/ocentrodedianacasa.igualdadebenestar.org\/index.php?rest_route=\/wp\/v2\/posts"}],"about":[{"href":"https:\/\/ocentrodedianacasa.igualdadebenestar.org\/index.php?rest_route=\/wp\/v2\/types\/post"}],"author":[{"embeddable":true,"href":"https:\/\/ocentrodedianacasa.igualdadebenestar.org\/index.php?rest_route=\/wp\/v2\/users\/3"}],"replies":[{"embeddable":true,"href":"https:\/\/ocentrodedianacasa.igualdadebenestar.org\/index.php?rest_route=%2Fwp%2Fv2%2Fcomments&post=2427"}],"version-history":[{"count":2,"href":"https:\/\/ocentrodedianacasa.igualdadebenestar.org\/index.php?rest_route=\/wp\/v2\/posts\/2427\/revisions"}],"predecessor-version":[{"id":2432,"href":"https:\/\/ocentrodedianacasa.igualdadebenestar.org\/index.php?rest_route=\/wp\/v2\/posts\/2427\/revisions\/2432"}],"wp:attachment":[{"href":"https:\/\/ocentrodedianacasa.igualdadebenestar.org\/index.php?rest_route=%2Fwp%2Fv2%2Fmedia&parent=2427"}],"wp:term":[{"taxonomy":"category","embeddable":true,"href":"https:\/\/ocentrodedianacasa.igualdadebenestar.org\/index.php?rest_route=%2Fwp%2Fv2%2Fcategories&post=2427"},{"taxonomy":"post_tag","embeddable":true,"href":"https:\/\/ocentrodedianacasa.igualdadebenestar.org\/index.php?rest_route=%2Fwp%2Fv2%2Ftags&post=2427"}],"curies":[{"name":"wp","href":"https:\/\/api.w.org\/{rel}","templated":true}]}}