{"id":2416,"date":"2020-11-06T06:55:00","date_gmt":"2020-11-06T05:55:00","guid":{"rendered":"https:\/\/ocentrodedianacasa.igualdadebenestar.org\/?p=2416"},"modified":"2020-11-05T13:58:34","modified_gmt":"2020-11-05T12:58:34","slug":"e-convinte-facer-exercicio-cando-se-ten-dor-de-xeonllos-dende-o-centro-de-dia-de-sada","status":"publish","type":"post","link":"https:\/\/ocentrodedianacasa.igualdadebenestar.org\/?p=2416","title":{"rendered":"\u00bf \u00c9 convinte facer exercicio cando se ten dor de xeonllos? dende o Centro de d\u00eda de Sada"},"content":{"rendered":"\n<p>O xeonllo \u00e9 unha articulaci\u00f3n complexa que soe doer por distintos motivos, sendo un dos m\u00e1is com\u00fans a Artrose.<\/p>\n\n\n\n<p>Quen padece esta molestia dubida se pode facer exercicio. O m\u00e1is convinte \u00e9 consultar co especialista, traumat\u00f3logo, fisioterapeuta, etc. que dar\u00e1n unha pauta de exercicios que mellor vaian en cada caso.<\/p>\n\n\n\n<div class=\"wp-block-image\"><figure class=\"aligncenter size-large is-resized\"><img loading=\"lazy\" src=\"https:\/\/ocentrodedianacasa.igualdadebenestar.org\/wp-content\/uploads\/2020\/11\/Dor-de-xeonllos.jpg\" alt=\"\" class=\"wp-image-2417\" width=\"276\" height=\"207\" srcset=\"https:\/\/ocentrodedianacasa.igualdadebenestar.org\/wp-content\/uploads\/2020\/11\/Dor-de-xeonllos.jpg 620w, https:\/\/ocentrodedianacasa.igualdadebenestar.org\/wp-content\/uploads\/2020\/11\/Dor-de-xeonllos-300x225.jpg 300w\" sizes=\"(max-width: 276px) 100vw, 276px\" \/><\/figure><\/div>\n\n\n\n<p>Pero do que non cabe d\u00fabida \u00e9 que o exercicio \u00e9 unha boa opci\u00f3n.<\/p>\n\n\n\n<p>A actividade f\u00edsica e o exercicio terap\u00e9utico, melloran a sa\u00fade do \u00f3so, o m\u00fasculo e as articulaci\u00f3ns, e debe formar parte do tratamento de patolox\u00edas como Artrose e Artrite.<\/p>\n\n\n\n<p>O exercicio terap\u00e9utico de tipo aer\u00f3bico, como cami\u00f1ar, e os de fortalecemento da musculatura periarticular, son moi recomendados.<\/p>\n\n\n\n<p>Demostrouse que o exercicio dimin\u00fae a dor e mellora a limitaci\u00f3n articular sin danar o cart\u00edlago nin aumentar a inflamaci\u00f3n.<\/p>\n\n\n\n<p>En artrose de xeonllo moi sintom\u00e1tica, recom\u00e9ndase exercicios de baixo impacto (nataci\u00f3n, cami\u00f1ar a ritmo lento sobre terreo chan&#8230; evitando todos aqueles exercicios de alto impacto xa que implican unha sobrecarga excesiva.)<\/p>\n\n\n\n<p>Os exercicios de fortalecemento debense centrar no xeonllo (sobre todo no m\u00fasculo cu\u00e1driceps), sendo ainda m\u00e1is eficaces se combinan con exercicios de fortalecemento da coxa. (bicicleta est\u00e1tica, subir escaleiras, etc..)<\/p>\n\n\n\n<p><\/p>\n ","protected":false},"excerpt":{"rendered":"<p>O xeonllo \u00e9 unha articulaci\u00f3n complexa que soe doer por distintos motivos, sendo un dos m\u00e1is com\u00fans a Artrose. Quen padece esta molestia dubida se pode facer exercicio. O m\u00e1is <a class=\"more-link\" href=\"https:\/\/ocentrodedianacasa.igualdadebenestar.org\/?p=2416\">Continue Reading &rarr;<\/a><\/p>\n","protected":false},"author":3,"featured_media":0,"comment_status":"open","ping_status":"open","sticky":false,"template":"","format":"standard","meta":[],"categories":[23],"tags":[],"post_mailing_queue_ids":[],"_links":{"self":[{"href":"https:\/\/ocentrodedianacasa.igualdadebenestar.org\/index.php?rest_route=\/wp\/v2\/posts\/2416"}],"collection":[{"href":"https:\/\/ocentrodedianacasa.igualdadebenestar.org\/index.php?rest_route=\/wp\/v2\/posts"}],"about":[{"href":"https:\/\/ocentrodedianacasa.igualdadebenestar.org\/index.php?rest_route=\/wp\/v2\/types\/post"}],"author":[{"embeddable":true,"href":"https:\/\/ocentrodedianacasa.igualdadebenestar.org\/index.php?rest_route=\/wp\/v2\/users\/3"}],"replies":[{"embeddable":true,"href":"https:\/\/ocentrodedianacasa.igualdadebenestar.org\/index.php?rest_route=%2Fwp%2Fv2%2Fcomments&post=2416"}],"version-history":[{"count":2,"href":"https:\/\/ocentrodedianacasa.igualdadebenestar.org\/index.php?rest_route=\/wp\/v2\/posts\/2416\/revisions"}],"predecessor-version":[{"id":2419,"href":"https:\/\/ocentrodedianacasa.igualdadebenestar.org\/index.php?rest_route=\/wp\/v2\/posts\/2416\/revisions\/2419"}],"wp:attachment":[{"href":"https:\/\/ocentrodedianacasa.igualdadebenestar.org\/index.php?rest_route=%2Fwp%2Fv2%2Fmedia&parent=2416"}],"wp:term":[{"taxonomy":"category","embeddable":true,"href":"https:\/\/ocentrodedianacasa.igualdadebenestar.org\/index.php?rest_route=%2Fwp%2Fv2%2Fcategories&post=2416"},{"taxonomy":"post_tag","embeddable":true,"href":"https:\/\/ocentrodedianacasa.igualdadebenestar.org\/index.php?rest_route=%2Fwp%2Fv2%2Ftags&post=2416"}],"curies":[{"name":"wp","href":"https:\/\/api.w.org\/{rel}","templated":true}]}}