{"id":2408,"date":"2020-11-06T06:37:00","date_gmt":"2020-11-06T05:37:00","guid":{"rendered":"https:\/\/ocentrodedianacasa.igualdadebenestar.org\/?p=2408"},"modified":"2020-11-06T09:41:40","modified_gmt":"2020-11-06T08:41:40","slug":"2408","status":"publish","type":"post","link":"https:\/\/ocentrodedianacasa.igualdadebenestar.org\/?p=2408","title":{"rendered":"UN SA\u00daDO DO M\u00cdSTER LUGO 2020"},"content":{"rendered":"\n<figure class=\"wp-block-embed-youtube wp-block-embed is-type-video is-provider-youtube wp-embed-aspect-16-9 wp-has-aspect-ratio\"><div class=\"wp-block-embed__wrapper\">\n<iframe title=\"Sa\u00fadoS de David Vilares do programa da TVG QUEN ANDA A\u00cd?\" width=\"678\" height=\"381\" src=\"https:\/\/www.youtube.com\/embed\/Fvk7Q5HS5Dc?feature=oembed\" frameborder=\"0\" allow=\"accelerometer; autoplay; clipboard-write; encrypted-media; gyroscope; picture-in-picture\" allowfullscreen><\/iframe>\n<\/div><\/figure>\n\n\n\n<p>David Vilares creceu en Cadoalla (Becerre\u00e1). Con s\u00f3 24 anos representou \u00e1 provincia de Lugo no certame de beleza M\u00edster Espa\u00f1a.<\/p>\n\n\n\n<p><a rel=\"noreferrer noopener\" href=\"https:\/\/www.elprogreso.es\/articulo\/lugo\/david-vilares-ultima-dias-optar-ser-mister-espana\/202007031239421447491.html\" target=\"_blank\">Preme aqu\u00ed <\/a>para saber m\u00e1is de David<\/p>\n\n\n\n<p>Al\u00ed destacou polo seu talento tocando a gaita, a pandereta e o canto galego.<br>Adem\u00e1is de ser actor, doblador e locutor, actualmente \u00e9 colaborador do programa \u201cquen anda ah\u00ed\u201d da Televisi\u00f3n de Galicia. Al\u00e1 por onde vai, presume da nosa Terra.<br>Cando estivo confinado na s\u00faa terra natal incluso tallou o nome da mesma nun anaco de madeira. G\u00fastanlle os oficios tradicionais e as sabedor\u00edas populares que lle ensinaron as persoas maiores da s\u00faa aldea. <\/p>\n\n\n\n<p><a rel=\"noreferrer noopener\" href=\"https:\/\/www.crtvg.es\/tvg\/a-carta\/que-reportaxe-nos-trae-hoxe-david-vilares-4600982?t=9&amp;fbclid=IwAR0pVGKuOz5Ccj7DsnEVUL5aG1BR8gqWZgUvw4fEzbMacB_9hi5Yym9nrKQ\" target=\"_blank\">Preme aqu\u00ed <\/a>para ver unha entrevista moi interesante <\/p>\n\n\n\n<p>Como bo amante do noso, tivo uns minuti\u00f1os para adicar unha cantiga ao blogue \u201cocentrodedianacasa\u201d. Din que Galicia \u00e9 un pa\u00eds de pandereta e hai que dignificala e David faino \u00e1 perfecci\u00f3n. Graci\u00f1as.<\/p>\n ","protected":false},"excerpt":{"rendered":"<p>David Vilares creceu en Cadoalla (Becerre\u00e1). Con s\u00f3 24 anos representou \u00e1 provincia de Lugo no certame de beleza M\u00edster Espa\u00f1a. Preme aqu\u00ed para saber m\u00e1is de David Al\u00ed destacou <a class=\"more-link\" href=\"https:\/\/ocentrodedianacasa.igualdadebenestar.org\/?p=2408\">Continue Reading &rarr;<\/a><\/p>\n","protected":false},"author":3,"featured_media":0,"comment_status":"open","ping_status":"open","sticky":false,"template":"","format":"standard","meta":[],"categories":[18],"tags":[],"post_mailing_queue_ids":[],"_links":{"self":[{"href":"https:\/\/ocentrodedianacasa.igualdadebenestar.org\/index.php?rest_route=\/wp\/v2\/posts\/2408"}],"collection":[{"href":"https:\/\/ocentrodedianacasa.igualdadebenestar.org\/index.php?rest_route=\/wp\/v2\/posts"}],"about":[{"href":"https:\/\/ocentrodedianacasa.igualdadebenestar.org\/index.php?rest_route=\/wp\/v2\/types\/post"}],"author":[{"embeddable":true,"href":"https:\/\/ocentrodedianacasa.igualdadebenestar.org\/index.php?rest_route=\/wp\/v2\/users\/3"}],"replies":[{"embeddable":true,"href":"https:\/\/ocentrodedianacasa.igualdadebenestar.org\/index.php?rest_route=%2Fwp%2Fv2%2Fcomments&post=2408"}],"version-history":[{"count":7,"href":"https:\/\/ocentrodedianacasa.igualdadebenestar.org\/index.php?rest_route=\/wp\/v2\/posts\/2408\/revisions"}],"predecessor-version":[{"id":2423,"href":"https:\/\/ocentrodedianacasa.igualdadebenestar.org\/index.php?rest_route=\/wp\/v2\/posts\/2408\/revisions\/2423"}],"wp:attachment":[{"href":"https:\/\/ocentrodedianacasa.igualdadebenestar.org\/index.php?rest_route=%2Fwp%2Fv2%2Fmedia&parent=2408"}],"wp:term":[{"taxonomy":"category","embeddable":true,"href":"https:\/\/ocentrodedianacasa.igualdadebenestar.org\/index.php?rest_route=%2Fwp%2Fv2%2Fcategories&post=2408"},{"taxonomy":"post_tag","embeddable":true,"href":"https:\/\/ocentrodedianacasa.igualdadebenestar.org\/index.php?rest_route=%2Fwp%2Fv2%2Ftags&post=2408"}],"curies":[{"name":"wp","href":"https:\/\/api.w.org\/{rel}","templated":true}]}}