{"id":2229,"date":"2020-06-23T07:13:00","date_gmt":"2020-06-23T05:13:00","guid":{"rendered":"https:\/\/ocentrodedianacasa.igualdadebenestar.org\/?p=2229"},"modified":"2020-06-23T14:26:32","modified_gmt":"2020-06-23T12:26:32","slug":"herbas-de-san-xoan-dende-o-centro-de-dia-de-ribadeo","status":"publish","type":"post","link":"https:\/\/ocentrodedianacasa.igualdadebenestar.org\/?p=2229","title":{"rendered":"HERBAS DE SAN XO\u00c1N DENDE O CENTRO DE D\u00cdA DE RIBADEO"},"content":{"rendered":"\n<p>A actividade que vos propo\u00f1emos busca a orientaci\u00f3n temporal mentres relacionamos os nomes cas imaxes das herbas de San Xo\u00e1n: unha suma de tradici\u00f3n, cultura e identidade a trav\u00e9s de medios interactivos<\/p>\n\n\n\n<p>A actividade est\u00e1 dirixida a persoas con ou sen deterioro cognitivo leve, xa que require lecto-escritura e comprensi\u00f3n presentes e\/ou conservadas.<\/p>\n\n\n\n<p>No caso de persoas maiores con deterioro cognitivo poder\u00edamos levala a cabo ca nosa asistencia, paciencia e relato, enmarcando a actividade dentro dunha conversa arredor dos seus recordos no San Xo\u00e1n.<\/p>\n\n\n\n<p>A partir desta ficha propo\u00f1\u00e9mosvos que debuxedes a herba que m\u00e1is vos guste, unha actividade que pode ser individual ou colectiva, pero seguro ir\u00e1 cargada de maxia.<\/p>\n\n\n\n<p>Para ver a ficha <a href=\"https:\/\/es.educaplay.com\/recursos-educativos\/6005623-herbas_san_xoan.html\" target=\"_blank\" rel=\"noreferrer noopener\">PREME AQU\u00cd<\/a><\/p>\n ","protected":false},"excerpt":{"rendered":"<p>A actividade que vos propo\u00f1emos busca a orientaci\u00f3n temporal mentres relacionamos os nomes cas imaxes das herbas de San Xo\u00e1n: unha suma de tradici\u00f3n, cultura e identidade a trav\u00e9s de <a class=\"more-link\" href=\"https:\/\/ocentrodedianacasa.igualdadebenestar.org\/?p=2229\">Continue Reading &rarr;<\/a><\/p>\n","protected":false},"author":3,"featured_media":0,"comment_status":"open","ping_status":"open","sticky":false,"template":"","format":"standard","meta":[],"categories":[44],"tags":[],"post_mailing_queue_ids":[],"_links":{"self":[{"href":"https:\/\/ocentrodedianacasa.igualdadebenestar.org\/index.php?rest_route=\/wp\/v2\/posts\/2229"}],"collection":[{"href":"https:\/\/ocentrodedianacasa.igualdadebenestar.org\/index.php?rest_route=\/wp\/v2\/posts"}],"about":[{"href":"https:\/\/ocentrodedianacasa.igualdadebenestar.org\/index.php?rest_route=\/wp\/v2\/types\/post"}],"author":[{"embeddable":true,"href":"https:\/\/ocentrodedianacasa.igualdadebenestar.org\/index.php?rest_route=\/wp\/v2\/users\/3"}],"replies":[{"embeddable":true,"href":"https:\/\/ocentrodedianacasa.igualdadebenestar.org\/index.php?rest_route=%2Fwp%2Fv2%2Fcomments&post=2229"}],"version-history":[{"count":1,"href":"https:\/\/ocentrodedianacasa.igualdadebenestar.org\/index.php?rest_route=\/wp\/v2\/posts\/2229\/revisions"}],"predecessor-version":[{"id":2230,"href":"https:\/\/ocentrodedianacasa.igualdadebenestar.org\/index.php?rest_route=\/wp\/v2\/posts\/2229\/revisions\/2230"}],"wp:attachment":[{"href":"https:\/\/ocentrodedianacasa.igualdadebenestar.org\/index.php?rest_route=%2Fwp%2Fv2%2Fmedia&parent=2229"}],"wp:term":[{"taxonomy":"category","embeddable":true,"href":"https:\/\/ocentrodedianacasa.igualdadebenestar.org\/index.php?rest_route=%2Fwp%2Fv2%2Fcategories&post=2229"},{"taxonomy":"post_tag","embeddable":true,"href":"https:\/\/ocentrodedianacasa.igualdadebenestar.org\/index.php?rest_route=%2Fwp%2Fv2%2Ftags&post=2229"}],"curies":[{"name":"wp","href":"https:\/\/api.w.org\/{rel}","templated":true}]}}