{"id":1783,"date":"2020-05-01T10:10:00","date_gmt":"2020-05-01T08:10:00","guid":{"rendered":"https:\/\/ocentrodedianacasa.igualdadebenestar.org\/?p=1783"},"modified":"2020-05-27T10:11:22","modified_gmt":"2020-05-27T08:11:22","slug":"animos-dende-o-cifp-porta-da-auga-o-centro-de-dia-de-ribadeo","status":"publish","type":"post","link":"https:\/\/ocentrodedianacasa.igualdadebenestar.org\/?p=1783","title":{"rendered":"\u00c1NIMOS DENDE O CIFP PORTA DA AUGA O CENTRO DE D\u00cdA DE RIBADEO"},"content":{"rendered":"\n<p class=\"has-medium-font-size\"><strong>\u00c1NIMOS<\/strong> <strong>DENDE O CIFP PORTA DA AUGA O CENTRO DE D\u00cdA DE RIBADEO<\/strong><\/p>\n\n\n\n<p>As alumnas da formaci\u00f3n en Atenci\u00f3n Sociosanitaria do <a href=\"http:\/\/www.edu.xunta.gal\/centros\/cifpportadaauga\/\">CIFP Porta da Auga<\/a> fixeron pr\u00e1cticas no Centro de d\u00eda de RIBADEO, e algo quedou nos seus coraz\u00f3ns\u2026 Achegaron un fermoso v\u00eddeo de \u00e1nimo<\/p>\n\n\n\n<figure class=\"wp-block-embed-youtube wp-block-embed is-type-video is-provider-youtube wp-embed-aspect-16-9 wp-has-aspect-ratio\"><div class=\"wp-block-embed__wrapper\">\n<iframe title=\"#nosquedamosnacasa\" width=\"678\" height=\"381\" src=\"https:\/\/www.youtube.com\/embed\/WEDE3x9vk_c?feature=oembed\" frameborder=\"0\" allow=\"accelerometer; autoplay; encrypted-media; gyroscope; picture-in-picture\" allowfullscreen><\/iframe>\n<\/div><\/figure>\n ","protected":false},"excerpt":{"rendered":"<p>\u00c1NIMOS DENDE O CIFP PORTA DA AUGA O CENTRO DE D\u00cdA DE RIBADEO As alumnas da formaci\u00f3n en Atenci\u00f3n Sociosanitaria do CIFP Porta da Auga fixeron pr\u00e1cticas no Centro de <a class=\"more-link\" href=\"https:\/\/ocentrodedianacasa.igualdadebenestar.org\/?p=1783\">Continue Reading &rarr;<\/a><\/p>\n","protected":false},"author":3,"featured_media":0,"comment_status":"open","ping_status":"open","sticky":false,"template":"","format":"aside","meta":[],"categories":[18],"tags":[],"post_mailing_queue_ids":[],"_links":{"self":[{"href":"https:\/\/ocentrodedianacasa.igualdadebenestar.org\/index.php?rest_route=\/wp\/v2\/posts\/1783"}],"collection":[{"href":"https:\/\/ocentrodedianacasa.igualdadebenestar.org\/index.php?rest_route=\/wp\/v2\/posts"}],"about":[{"href":"https:\/\/ocentrodedianacasa.igualdadebenestar.org\/index.php?rest_route=\/wp\/v2\/types\/post"}],"author":[{"embeddable":true,"href":"https:\/\/ocentrodedianacasa.igualdadebenestar.org\/index.php?rest_route=\/wp\/v2\/users\/3"}],"replies":[{"embeddable":true,"href":"https:\/\/ocentrodedianacasa.igualdadebenestar.org\/index.php?rest_route=%2Fwp%2Fv2%2Fcomments&post=1783"}],"version-history":[{"count":1,"href":"https:\/\/ocentrodedianacasa.igualdadebenestar.org\/index.php?rest_route=\/wp\/v2\/posts\/1783\/revisions"}],"predecessor-version":[{"id":1784,"href":"https:\/\/ocentrodedianacasa.igualdadebenestar.org\/index.php?rest_route=\/wp\/v2\/posts\/1783\/revisions\/1784"}],"wp:attachment":[{"href":"https:\/\/ocentrodedianacasa.igualdadebenestar.org\/index.php?rest_route=%2Fwp%2Fv2%2Fmedia&parent=1783"}],"wp:term":[{"taxonomy":"category","embeddable":true,"href":"https:\/\/ocentrodedianacasa.igualdadebenestar.org\/index.php?rest_route=%2Fwp%2Fv2%2Fcategories&post=1783"},{"taxonomy":"post_tag","embeddable":true,"href":"https:\/\/ocentrodedianacasa.igualdadebenestar.org\/index.php?rest_route=%2Fwp%2Fv2%2Ftags&post=1783"}],"curies":[{"name":"wp","href":"https:\/\/api.w.org\/{rel}","templated":true}]}}