{"id":1172,"date":"2020-04-30T17:21:00","date_gmt":"2020-04-30T15:21:00","guid":{"rendered":"https:\/\/ocentrodedianacasa.igualdadebenestar.org\/?p=1172"},"modified":"2020-05-08T14:36:24","modified_gmt":"2020-05-08T12:36:24","slug":"adivinanzas","status":"publish","type":"post","link":"https:\/\/ocentrodedianacasa.igualdadebenestar.org\/?p=1172","title":{"rendered":"ADIVI\u00d1ANZAS"},"content":{"rendered":"\n<p class=\"has-text-color has-medium-font-size has-vivid-cyan-blue-color\"><strong>Adivi\u00f1anzas dende o Centro de d\u00eda de BEGONTE<\/strong><\/p>\n\n\n\n<p><\/p>\n\n\n\n<div class=\"wp-block-image\"><figure class=\"alignright size-large is-resized\"><img loading=\"lazy\" src=\"https:\/\/ocentrodedianacasa.igualdadebenestar.org\/wp-content\/uploads\/2020\/05\/ADIVINA.jpeg\" alt=\"\" class=\"wp-image-1173\" width=\"182\" height=\"136\"\/><\/figure><\/div>\n\n\n\n<p>1.De buraco en buraco sempre coas<\/p>\n\n\n\n<p>tripas de arrastro<\/p>\n\n\n\n<p>A AGULLA CO F\u00cdO<\/p>\n\n\n\n<p>2.A\u00ednda que ten dentes e garda a casa<\/p>\n\n\n\n<p>nin roe nin ladra.<\/p>\n\n\n\n<p>A CHAVE<\/p>\n\n\n\n<p>3.\u00bfQue cousi\u00f1a \u00e9?, que canto m\u00e1is lle<\/p>\n\n\n\n<p>quitas, m\u00e1is grande \u00e9<\/p>\n\n\n\n<p>O FURADO<\/p>\n\n\n\n<p>4.\u00bfCal \u00e9 o bicho que m\u00e1is pica na panza?<\/p>\n\n\n\n<p>A FAME<\/p>\n\n\n\n<p>5.Un fato de se\u00f1oras, que cando mexa<\/p>\n\n\n\n<p>unha, mexan todas.<\/p>\n\n\n\n<p>AS GOTEIRAS<\/p>\n\n\n\n<p>6.O que o fai, non o quere o que o<\/p>\n\n\n\n<p>compra non o usa e o que o usa non o ve.<\/p>\n\n\n\n<p>O ATA\u00daDE<\/p>\n\n\n\n<p>7.Nac\u00edn na auga na auga me criei se me<\/p>\n\n\n\n<p>pos na auga na auga morrerei<\/p>\n\n\n\n<p>O SAL<\/p>\n\n\n\n<p>8.Auga me chamo de nome, ardente \u00e9 o<\/p>\n\n\n\n<p>meu coraz\u00f3n; o que non o atine \u00e9 un<\/p>\n\n\n\n<p>gran borric\u00f3n.<\/p>\n\n\n\n<p>A AUGARDENTE<\/p>\n\n\n\n<p>9.Ten dentes e non come, ten cabeza e<\/p>\n\n\n\n<p>non \u00e9 home<\/p>\n\n\n\n<p>O ALLO<\/p>\n\n\n\n<p>10.Igrexa pequena, sancrist\u00e1n rebulidor e<\/p>\n\n\n\n<p>os santi\u00f1os que ten diante, todos son da<\/p>\n\n\n\n<p>mesma cor<\/p>\n\n\n\n<p>A BOCA, A LINGUA E OS DENTES<\/p>\n\n\n\n<p>11.Un que \u00e9 longo e ten dous redondos,<\/p>\n\n\n\n<p>anda nas calzas e fura nas bragas<\/p>\n\n\n\n<p>AS TESOIRAS<\/p>\n\n\n\n<p>12.\u00bfQu\u00e9 es lo primero que hace una vaca<\/p>\n\n\n\n<p>cuando sale al sol?<\/p>\n\n\n\n<p>SOMBRA<\/p>\n\n\n\n<p>13.Alto son, barbas te\u00f1o, ven o burro e<\/p>\n\n\n\n<p>non me defendo<\/p>\n\n\n\n<p>O TOXO<\/p>\n\n\n\n<p>14.Na horta son criada, na horta fun<\/p>\n\n\n\n<p>nacida, e fago chorar a todos, os que me<\/p>\n\n\n\n<p>miran partida<\/p>\n\n\n\n<p>A CEBOLA<\/p>\n ","protected":false},"excerpt":{"rendered":"<p>Adivi\u00f1anzas dende o Centro de d\u00eda de BEGONTE 1.De buraco en buraco sempre coas tripas de arrastro A AGULLA CO F\u00cdO 2.A\u00ednda que ten dentes e garda a casa nin <a class=\"more-link\" href=\"https:\/\/ocentrodedianacasa.igualdadebenestar.org\/?p=1172\">Continue Reading &rarr;<\/a><\/p>\n","protected":false},"author":3,"featured_media":0,"comment_status":"open","ping_status":"open","sticky":false,"template":"","format":"standard","meta":[],"categories":[22],"tags":[],"post_mailing_queue_ids":[],"_links":{"self":[{"href":"https:\/\/ocentrodedianacasa.igualdadebenestar.org\/index.php?rest_route=\/wp\/v2\/posts\/1172"}],"collection":[{"href":"https:\/\/ocentrodedianacasa.igualdadebenestar.org\/index.php?rest_route=\/wp\/v2\/posts"}],"about":[{"href":"https:\/\/ocentrodedianacasa.igualdadebenestar.org\/index.php?rest_route=\/wp\/v2\/types\/post"}],"author":[{"embeddable":true,"href":"https:\/\/ocentrodedianacasa.igualdadebenestar.org\/index.php?rest_route=\/wp\/v2\/users\/3"}],"replies":[{"embeddable":true,"href":"https:\/\/ocentrodedianacasa.igualdadebenestar.org\/index.php?rest_route=%2Fwp%2Fv2%2Fcomments&post=1172"}],"version-history":[{"count":1,"href":"https:\/\/ocentrodedianacasa.igualdadebenestar.org\/index.php?rest_route=\/wp\/v2\/posts\/1172\/revisions"}],"predecessor-version":[{"id":1174,"href":"https:\/\/ocentrodedianacasa.igualdadebenestar.org\/index.php?rest_route=\/wp\/v2\/posts\/1172\/revisions\/1174"}],"wp:attachment":[{"href":"https:\/\/ocentrodedianacasa.igualdadebenestar.org\/index.php?rest_route=%2Fwp%2Fv2%2Fmedia&parent=1172"}],"wp:term":[{"taxonomy":"category","embeddable":true,"href":"https:\/\/ocentrodedianacasa.igualdadebenestar.org\/index.php?rest_route=%2Fwp%2Fv2%2Fcategories&post=1172"},{"taxonomy":"post_tag","embeddable":true,"href":"https:\/\/ocentrodedianacasa.igualdadebenestar.org\/index.php?rest_route=%2Fwp%2Fv2%2Ftags&post=1172"}],"curies":[{"name":"wp","href":"https:\/\/api.w.org\/{rel}","templated":true}]}}